{"id":9072,"date":"2025-07-07T09:57:15","date_gmt":"2025-07-07T07:57:15","guid":{"rendered":"https:\/\/www.mpaschule.ch\/?p=9072"},"modified":"2026-01-02T11:03:00","modified_gmt":"2026-01-02T10:03:00","slug":"generationenwechsel-ab-1-juli-2025","status":"publish","type":"post","link":"https:\/\/www.mpaschule.ch\/index.php\/generationenwechsel-ab-1-juli-2025\/","title":{"rendered":"Generationenwechsel ab 1. Juli 2025"},"content":{"rendered":"<p><strong>Generationenwechsel bei der MPA Berufs- und Handelsschule Buchs<\/strong><\/p>\n<p>Nach 28 Jahren \u00fcbergibt Ir\u00e8ne B\u00fcsser die traditionsreiche MPA Berufs- und Handelsschule Buchs per 1. Juli 2025 an Anina und Dr. Gernot Boiger. Das Ehepaar bringt langj\u00e4hrige Erfahrung aus Berufsbildung, Hochschulwesen und Schulentwicklung mit. Die neue Leitung setzt auf eine Kombination bew\u00e4hrter Werte und moderner Innovationen. Neben der gewohnten famili\u00e4ren Atmosph\u00e4re und der hohen Ausbildungsqualit\u00e4t werden k\u00fcnftig auch verst\u00e4rkt digitale und KI-unterst\u00fctzte Lehrmethoden eingesetzt. Auch das (Weiter-) Bildungsangebot wird ausgebaut. Der Ausbau erfolgt unter Anderem durch neue berufsbegleitenden Lehrg\u00e4nge im medizinischen Bereich, oder der Neuforcierung des Weiterbildungslehrganges \u201eMPK Medizinische Praxiskoordinator\/in\u201c. Als Ausgleich bietet Anina Boiger ab Herbst 2025 zudem Yogaunterricht f\u00fcr alle Auszubildenden und Lehrpersonen an.<\/p>\n<p>Alles in allem verfolgt die neue Leitung das Ziel, Praxisn\u00e4he, Individualit\u00e4t und moderne Bildung nachhaltig zu vereinen \u2013 f\u00fcr eine starke Zukunft der (Berufs-) Bildung im Rheintal.<\/p>\n","protected":false},"excerpt":{"rendered":"<p>Generationenwechsel bei der MPA Berufs- und Handelsschule Buchs Nach 28 Jahren \u00fcbergibt Ir\u00e8ne B\u00fcsser die traditionsreiche MPA Berufs- und Handelsschule Buchs per <a class=\"read-more\" href=\"https:\/\/www.mpaschule.ch\/index.php\/generationenwechsel-ab-1-juli-2025\/\">weiterlesen<\/a><\/p>\n","protected":false},"author":2,"featured_media":9066,"comment_status":"open","ping_status":"open","sticky":false,"template":"","format":"standard","meta":{"_acf_changed":false,"footnotes":""},"categories":[1,15,16,8],"tags":[],"class_list":["post-9072","post","type-post","status-publish","format-standard","has-post-thumbnail","hentry","category-news","category-ausstellungen-und-messen","category-galerie","category-diplomfeier"],"acf":[],"yoast_head":"<!-- This site is optimized with the Yoast SEO plugin v27.3 - https:\/\/yoast.com\/product\/yoast-seo-wordpress\/ -->\r\n<title>Generationenwechsel ab 1. Juli 2025 - MPA Berufs- und Handelsschule Buchs<\/title>\r\n<meta name=\"description\" content=\"Generationenwechsel bei der MPA Berufs- und Handelsschule Buchs. Die neue Leitung steht f\u00fcr Individualit\u00e4t. Praxisn\u00e4he. Moderne Bildung.\" \/>\r\n<meta name=\"robots\" content=\"index, follow, max-snippet:-1, max-image-preview:large, max-video-preview:-1\" \/>\r\n<link rel=\"canonical\" href=\"https:\/\/www.mpaschule.ch\/index.php\/generationenwechsel-ab-1-juli-2025\/\" \/>\r\n<meta property=\"og:locale\" content=\"de_DE\" \/>\r\n<meta property=\"og:type\" content=\"article\" \/>\r\n<meta property=\"og:title\" content=\"Generationenwechsel ab 1. Juli 2025 - MPA Berufs- und Handelsschule Buchs\" \/>\r\n<meta property=\"og:description\" content=\"Generationenwechsel bei der MPA Berufs- und Handelsschule Buchs. Die neue Leitung steht f\u00fcr Individualit\u00e4t. Praxisn\u00e4he. Moderne Bildung.\" \/>\r\n<meta property=\"og:url\" content=\"https:\/\/www.mpaschule.ch\/index.php\/generationenwechsel-ab-1-juli-2025\/\" \/>\r\n<meta property=\"og:site_name\" content=\"MPA Berufs- und Handelsschule Buchs\" \/>\r\n<meta property=\"article:publisher\" content=\"https:\/\/www.facebook.com\/people\/MPA-Berufs-und-Handelsschule\/61575351655872\/\" \/>\r\n<meta property=\"article:published_time\" content=\"2025-07-07T07:57:15+00:00\" \/>\r\n<meta property=\"article:modified_time\" content=\"2026-01-02T10:03:00+00:00\" \/>\r\n<meta property=\"og:image\" content=\"https:\/\/www.mpaschule.ch\/wp-content\/uploads\/2025\/07\/Generationenwechsel-e1751873887510.jpg\" \/>\r\n\t<meta property=\"og:image:width\" content=\"1431\" \/>\r\n\t<meta property=\"og:image:height\" content=\"987\" \/>\r\n\t<meta property=\"og:image:type\" content=\"image\/jpeg\" \/>\r\n<meta name=\"author\" content=\"Marianna Von K\u00e4nel\" \/>\r\n<meta name=\"twitter:card\" content=\"summary_large_image\" \/>\r\n<meta name=\"twitter:label1\" content=\"Verfasst von\" \/>\n\t<meta name=\"twitter:data1\" content=\"Marianna Von K\u00e4nel\" \/>\n\t<meta name=\"twitter:label2\" content=\"Gesch\u00e4tzte Lesezeit\" \/>\n\t<meta name=\"twitter:data2\" content=\"1\u00a0Minute\" \/>\r\n<script type=\"application\/ld+json\" class=\"yoast-schema-graph\">{\"@context\":\"https:\\\/\\\/schema.org\",\"@graph\":[{\"@type\":\"Article\",\"@id\":\"https:\\\/\\\/www.mpaschule.ch\\\/index.php\\\/generationenwechsel-ab-1-juli-2025\\\/#article\",\"isPartOf\":{\"@id\":\"https:\\\/\\\/www.mpaschule.ch\\\/index.php\\\/generationenwechsel-ab-1-juli-2025\\\/\"},\"author\":{\"name\":\"Marianna Von K\u00e4nel\",\"@id\":\"https:\\\/\\\/www.mpaschule.ch\\\/#\\\/schema\\\/person\\\/d4a5648d729212d02da1ef9efd92be12\"},\"headline\":\"Generationenwechsel ab 1. Juli 2025\",\"datePublished\":\"2025-07-07T07:57:15+00:00\",\"dateModified\":\"2026-01-02T10:03:00+00:00\",\"mainEntityOfPage\":{\"@id\":\"https:\\\/\\\/www.mpaschule.ch\\\/index.php\\\/generationenwechsel-ab-1-juli-2025\\\/\"},\"wordCount\":155,\"commentCount\":0,\"publisher\":{\"@id\":\"https:\\\/\\\/www.mpaschule.ch\\\/#organization\"},\"image\":{\"@id\":\"https:\\\/\\\/www.mpaschule.ch\\\/index.php\\\/generationenwechsel-ab-1-juli-2025\\\/#primaryimage\"},\"thumbnailUrl\":\"https:\\\/\\\/www.mpaschule.ch\\\/wp-content\\\/uploads\\\/2025\\\/07\\\/Generationenwechsel-e1751873887510.jpg\",\"articleSection\":[\"Aktuelles\",\"Berufs-Ausstellungen\\\/Messen\",\"Bildergalerie\",\"Diplomfeier\"],\"inLanguage\":\"de\",\"potentialAction\":[{\"@type\":\"CommentAction\",\"name\":\"Comment\",\"target\":[\"https:\\\/\\\/www.mpaschule.ch\\\/index.php\\\/generationenwechsel-ab-1-juli-2025\\\/#respond\"]}]},{\"@type\":\"WebPage\",\"@id\":\"https:\\\/\\\/www.mpaschule.ch\\\/index.php\\\/generationenwechsel-ab-1-juli-2025\\\/\",\"url\":\"https:\\\/\\\/www.mpaschule.ch\\\/index.php\\\/generationenwechsel-ab-1-juli-2025\\\/\",\"name\":\"Generationenwechsel ab 1. Juli 2025 - MPA Berufs- und Handelsschule Buchs\",\"isPartOf\":{\"@id\":\"https:\\\/\\\/www.mpaschule.ch\\\/#website\"},\"primaryImageOfPage\":{\"@id\":\"https:\\\/\\\/www.mpaschule.ch\\\/index.php\\\/generationenwechsel-ab-1-juli-2025\\\/#primaryimage\"},\"image\":{\"@id\":\"https:\\\/\\\/www.mpaschule.ch\\\/index.php\\\/generationenwechsel-ab-1-juli-2025\\\/#primaryimage\"},\"thumbnailUrl\":\"https:\\\/\\\/www.mpaschule.ch\\\/wp-content\\\/uploads\\\/2025\\\/07\\\/Generationenwechsel-e1751873887510.jpg\",\"datePublished\":\"2025-07-07T07:57:15+00:00\",\"dateModified\":\"2026-01-02T10:03:00+00:00\",\"description\":\"Generationenwechsel bei der MPA Berufs- und Handelsschule Buchs. Die neue Leitung steht f\u00fcr Individualit\u00e4t. Praxisn\u00e4he. Moderne Bildung.\",\"breadcrumb\":{\"@id\":\"https:\\\/\\\/www.mpaschule.ch\\\/index.php\\\/generationenwechsel-ab-1-juli-2025\\\/#breadcrumb\"},\"inLanguage\":\"de\",\"potentialAction\":[{\"@type\":\"ReadAction\",\"target\":[\"https:\\\/\\\/www.mpaschule.ch\\\/index.php\\\/generationenwechsel-ab-1-juli-2025\\\/\"]}]},{\"@type\":\"ImageObject\",\"inLanguage\":\"de\",\"@id\":\"https:\\\/\\\/www.mpaschule.ch\\\/index.php\\\/generationenwechsel-ab-1-juli-2025\\\/#primaryimage\",\"url\":\"https:\\\/\\\/www.mpaschule.ch\\\/wp-content\\\/uploads\\\/2025\\\/07\\\/Generationenwechsel-e1751873887510.jpg\",\"contentUrl\":\"https:\\\/\\\/www.mpaschule.ch\\\/wp-content\\\/uploads\\\/2025\\\/07\\\/Generationenwechsel-e1751873887510.jpg\",\"width\":1431,\"height\":987,\"caption\":\"Generationenwechsel\"},{\"@type\":\"BreadcrumbList\",\"@id\":\"https:\\\/\\\/www.mpaschule.ch\\\/index.php\\\/generationenwechsel-ab-1-juli-2025\\\/#breadcrumb\",\"itemListElement\":[{\"@type\":\"ListItem\",\"position\":1,\"name\":\"Start\",\"item\":\"https:\\\/\\\/www.mpaschule.ch\\\/\"},{\"@type\":\"ListItem\",\"position\":2,\"name\":\"Generationenwechsel ab 1. Juli 2025\"}]},{\"@type\":\"WebSite\",\"@id\":\"https:\\\/\\\/www.mpaschule.ch\\\/#website\",\"url\":\"https:\\\/\\\/www.mpaschule.ch\\\/\",\"name\":\"MPA Berufs- und Handelsschule Buchs\",\"description\":\"MPA EFZ, KV EFZ, MPK klinische Richtung, MPK praxisleitende Richtung, Handelsdiplom VSH, B\u00fcrofachdiplom VSH, Medizinische Praxisassistentin\\\/Medizinischer Praxisassistent EFZ, Medizinische Sekret\u00e4rin H+\\\/Arztsekret\u00e4rin\",\"publisher\":{\"@id\":\"https:\\\/\\\/www.mpaschule.ch\\\/#organization\"},\"potentialAction\":[{\"@type\":\"SearchAction\",\"target\":{\"@type\":\"EntryPoint\",\"urlTemplate\":\"https:\\\/\\\/www.mpaschule.ch\\\/?s={search_term_string}\"},\"query-input\":{\"@type\":\"PropertyValueSpecification\",\"valueRequired\":true,\"valueName\":\"search_term_string\"}}],\"inLanguage\":\"de\"},{\"@type\":\"Organization\",\"@id\":\"https:\\\/\\\/www.mpaschule.ch\\\/#organization\",\"name\":\"MPA Berufs- und Handelsschule Buchs\",\"url\":\"https:\\\/\\\/www.mpaschule.ch\\\/\",\"logo\":{\"@type\":\"ImageObject\",\"inLanguage\":\"de\",\"@id\":\"https:\\\/\\\/www.mpaschule.ch\\\/#\\\/schema\\\/logo\\\/image\\\/\",\"url\":\"https:\\\/\\\/www.mpaschule.ch\\\/wp-content\\\/uploads\\\/2025\\\/12\\\/Logo_gross_WeissHintergrund.png\",\"contentUrl\":\"https:\\\/\\\/www.mpaschule.ch\\\/wp-content\\\/uploads\\\/2025\\\/12\\\/Logo_gross_WeissHintergrund.png\",\"width\":1902,\"height\":2007,\"caption\":\"MPA Berufs- und Handelsschule Buchs\"},\"image\":{\"@id\":\"https:\\\/\\\/www.mpaschule.ch\\\/#\\\/schema\\\/logo\\\/image\\\/\"},\"sameAs\":[\"https:\\\/\\\/www.facebook.com\\\/people\\\/MPA-Berufs-und-Handelsschule\\\/61575351655872\\\/\",\"https:\\\/\\\/www.instagram.com\\\/mpaschule\\\/\",\"https:\\\/\\\/www.youtube.com\\\/@mpaschule-buchs\"]},{\"@type\":\"Person\",\"@id\":\"https:\\\/\\\/www.mpaschule.ch\\\/#\\\/schema\\\/person\\\/d4a5648d729212d02da1ef9efd92be12\",\"name\":\"Marianna Von K\u00e4nel\",\"image\":{\"@type\":\"ImageObject\",\"inLanguage\":\"de\",\"@id\":\"https:\\\/\\\/secure.gravatar.com\\\/avatar\\\/106bcc06bf950ea9642ed192ef4d2711d1f772ec46e5694d761fd1e38b7a02a9?s=96&d=mm&r=g\",\"url\":\"https:\\\/\\\/secure.gravatar.com\\\/avatar\\\/106bcc06bf950ea9642ed192ef4d2711d1f772ec46e5694d761fd1e38b7a02a9?s=96&d=mm&r=g\",\"contentUrl\":\"https:\\\/\\\/secure.gravatar.com\\\/avatar\\\/106bcc06bf950ea9642ed192ef4d2711d1f772ec46e5694d761fd1e38b7a02a9?s=96&d=mm&r=g\",\"caption\":\"Marianna Von K\u00e4nel\"},\"url\":\"https:\\\/\\\/www.mpaschule.ch\\\/index.php\\\/author\\\/mpaschule\\\/\"}]}<\/script>\r\n<!-- \/ Yoast SEO plugin. -->","yoast_head_json":{"title":"Generationenwechsel ab 1. Juli 2025 - MPA Berufs- und Handelsschule Buchs","description":"Generationenwechsel bei der MPA Berufs- und Handelsschule Buchs. Die neue Leitung steht f\u00fcr Individualit\u00e4t. Praxisn\u00e4he. Moderne Bildung.","robots":{"index":"index","follow":"follow","max-snippet":"max-snippet:-1","max-image-preview":"max-image-preview:large","max-video-preview":"max-video-preview:-1"},"canonical":"https:\/\/www.mpaschule.ch\/index.php\/generationenwechsel-ab-1-juli-2025\/","og_locale":"de_DE","og_type":"article","og_title":"Generationenwechsel ab 1. Juli 2025 - MPA Berufs- und Handelsschule Buchs","og_description":"Generationenwechsel bei der MPA Berufs- und Handelsschule Buchs. Die neue Leitung steht f\u00fcr Individualit\u00e4t. Praxisn\u00e4he. Moderne Bildung.","og_url":"https:\/\/www.mpaschule.ch\/index.php\/generationenwechsel-ab-1-juli-2025\/","og_site_name":"MPA Berufs- und Handelsschule Buchs","article_publisher":"https:\/\/www.facebook.com\/people\/MPA-Berufs-und-Handelsschule\/61575351655872\/","article_published_time":"2025-07-07T07:57:15+00:00","article_modified_time":"2026-01-02T10:03:00+00:00","og_image":[{"width":1431,"height":987,"url":"https:\/\/www.mpaschule.ch\/wp-content\/uploads\/2025\/07\/Generationenwechsel-e1751873887510.jpg","type":"image\/jpeg"}],"author":"Marianna Von K\u00e4nel","twitter_card":"summary_large_image","twitter_misc":{"Verfasst von":"Marianna Von K\u00e4nel","Gesch\u00e4tzte Lesezeit":"1\u00a0Minute"},"schema":{"@context":"https:\/\/schema.org","@graph":[{"@type":"Article","@id":"https:\/\/www.mpaschule.ch\/index.php\/generationenwechsel-ab-1-juli-2025\/#article","isPartOf":{"@id":"https:\/\/www.mpaschule.ch\/index.php\/generationenwechsel-ab-1-juli-2025\/"},"author":{"name":"Marianna Von K\u00e4nel","@id":"https:\/\/www.mpaschule.ch\/#\/schema\/person\/d4a5648d729212d02da1ef9efd92be12"},"headline":"Generationenwechsel ab 1. Juli 2025","datePublished":"2025-07-07T07:57:15+00:00","dateModified":"2026-01-02T10:03:00+00:00","mainEntityOfPage":{"@id":"https:\/\/www.mpaschule.ch\/index.php\/generationenwechsel-ab-1-juli-2025\/"},"wordCount":155,"commentCount":0,"publisher":{"@id":"https:\/\/www.mpaschule.ch\/#organization"},"image":{"@id":"https:\/\/www.mpaschule.ch\/index.php\/generationenwechsel-ab-1-juli-2025\/#primaryimage"},"thumbnailUrl":"https:\/\/www.mpaschule.ch\/wp-content\/uploads\/2025\/07\/Generationenwechsel-e1751873887510.jpg","articleSection":["Aktuelles","Berufs-Ausstellungen\/Messen","Bildergalerie","Diplomfeier"],"inLanguage":"de","potentialAction":[{"@type":"CommentAction","name":"Comment","target":["https:\/\/www.mpaschule.ch\/index.php\/generationenwechsel-ab-1-juli-2025\/#respond"]}]},{"@type":"WebPage","@id":"https:\/\/www.mpaschule.ch\/index.php\/generationenwechsel-ab-1-juli-2025\/","url":"https:\/\/www.mpaschule.ch\/index.php\/generationenwechsel-ab-1-juli-2025\/","name":"Generationenwechsel ab 1. Juli 2025 - MPA Berufs- und Handelsschule Buchs","isPartOf":{"@id":"https:\/\/www.mpaschule.ch\/#website"},"primaryImageOfPage":{"@id":"https:\/\/www.mpaschule.ch\/index.php\/generationenwechsel-ab-1-juli-2025\/#primaryimage"},"image":{"@id":"https:\/\/www.mpaschule.ch\/index.php\/generationenwechsel-ab-1-juli-2025\/#primaryimage"},"thumbnailUrl":"https:\/\/www.mpaschule.ch\/wp-content\/uploads\/2025\/07\/Generationenwechsel-e1751873887510.jpg","datePublished":"2025-07-07T07:57:15+00:00","dateModified":"2026-01-02T10:03:00+00:00","description":"Generationenwechsel bei der MPA Berufs- und Handelsschule Buchs. Die neue Leitung steht f\u00fcr Individualit\u00e4t. Praxisn\u00e4he. Moderne Bildung.","breadcrumb":{"@id":"https:\/\/www.mpaschule.ch\/index.php\/generationenwechsel-ab-1-juli-2025\/#breadcrumb"},"inLanguage":"de","potentialAction":[{"@type":"ReadAction","target":["https:\/\/www.mpaschule.ch\/index.php\/generationenwechsel-ab-1-juli-2025\/"]}]},{"@type":"ImageObject","inLanguage":"de","@id":"https:\/\/www.mpaschule.ch\/index.php\/generationenwechsel-ab-1-juli-2025\/#primaryimage","url":"https:\/\/www.mpaschule.ch\/wp-content\/uploads\/2025\/07\/Generationenwechsel-e1751873887510.jpg","contentUrl":"https:\/\/www.mpaschule.ch\/wp-content\/uploads\/2025\/07\/Generationenwechsel-e1751873887510.jpg","width":1431,"height":987,"caption":"Generationenwechsel"},{"@type":"BreadcrumbList","@id":"https:\/\/www.mpaschule.ch\/index.php\/generationenwechsel-ab-1-juli-2025\/#breadcrumb","itemListElement":[{"@type":"ListItem","position":1,"name":"Start","item":"https:\/\/www.mpaschule.ch\/"},{"@type":"ListItem","position":2,"name":"Generationenwechsel ab 1. Juli 2025"}]},{"@type":"WebSite","@id":"https:\/\/www.mpaschule.ch\/#website","url":"https:\/\/www.mpaschule.ch\/","name":"MPA Berufs- und Handelsschule Buchs","description":"MPA EFZ, KV EFZ, MPK klinische Richtung, MPK praxisleitende Richtung, Handelsdiplom VSH, B\u00fcrofachdiplom VSH, Medizinische Praxisassistentin\/Medizinischer Praxisassistent EFZ, Medizinische Sekret\u00e4rin H+\/Arztsekret\u00e4rin","publisher":{"@id":"https:\/\/www.mpaschule.ch\/#organization"},"potentialAction":[{"@type":"SearchAction","target":{"@type":"EntryPoint","urlTemplate":"https:\/\/www.mpaschule.ch\/?s={search_term_string}"},"query-input":{"@type":"PropertyValueSpecification","valueRequired":true,"valueName":"search_term_string"}}],"inLanguage":"de"},{"@type":"Organization","@id":"https:\/\/www.mpaschule.ch\/#organization","name":"MPA Berufs- und Handelsschule Buchs","url":"https:\/\/www.mpaschule.ch\/","logo":{"@type":"ImageObject","inLanguage":"de","@id":"https:\/\/www.mpaschule.ch\/#\/schema\/logo\/image\/","url":"https:\/\/www.mpaschule.ch\/wp-content\/uploads\/2025\/12\/Logo_gross_WeissHintergrund.png","contentUrl":"https:\/\/www.mpaschule.ch\/wp-content\/uploads\/2025\/12\/Logo_gross_WeissHintergrund.png","width":1902,"height":2007,"caption":"MPA Berufs- und Handelsschule Buchs"},"image":{"@id":"https:\/\/www.mpaschule.ch\/#\/schema\/logo\/image\/"},"sameAs":["https:\/\/www.facebook.com\/people\/MPA-Berufs-und-Handelsschule\/61575351655872\/","https:\/\/www.instagram.com\/mpaschule\/","https:\/\/www.youtube.com\/@mpaschule-buchs"]},{"@type":"Person","@id":"https:\/\/www.mpaschule.ch\/#\/schema\/person\/d4a5648d729212d02da1ef9efd92be12","name":"Marianna Von K\u00e4nel","image":{"@type":"ImageObject","inLanguage":"de","@id":"https:\/\/secure.gravatar.com\/avatar\/106bcc06bf950ea9642ed192ef4d2711d1f772ec46e5694d761fd1e38b7a02a9?s=96&d=mm&r=g","url":"https:\/\/secure.gravatar.com\/avatar\/106bcc06bf950ea9642ed192ef4d2711d1f772ec46e5694d761fd1e38b7a02a9?s=96&d=mm&r=g","contentUrl":"https:\/\/secure.gravatar.com\/avatar\/106bcc06bf950ea9642ed192ef4d2711d1f772ec46e5694d761fd1e38b7a02a9?s=96&d=mm&r=g","caption":"Marianna Von K\u00e4nel"},"url":"https:\/\/www.mpaschule.ch\/index.php\/author\/mpaschule\/"}]}},"_links":{"self":[{"href":"https:\/\/www.mpaschule.ch\/index.php\/wp-json\/wp\/v2\/posts\/9072","targetHints":{"allow":["GET"]}}],"collection":[{"href":"https:\/\/www.mpaschule.ch\/index.php\/wp-json\/wp\/v2\/posts"}],"about":[{"href":"https:\/\/www.mpaschule.ch\/index.php\/wp-json\/wp\/v2\/types\/post"}],"author":[{"embeddable":true,"href":"https:\/\/www.mpaschule.ch\/index.php\/wp-json\/wp\/v2\/users\/2"}],"replies":[{"embeddable":true,"href":"https:\/\/www.mpaschule.ch\/index.php\/wp-json\/wp\/v2\/comments?post=9072"}],"version-history":[{"count":3,"href":"https:\/\/www.mpaschule.ch\/index.php\/wp-json\/wp\/v2\/posts\/9072\/revisions"}],"predecessor-version":[{"id":10007,"href":"https:\/\/www.mpaschule.ch\/index.php\/wp-json\/wp\/v2\/posts\/9072\/revisions\/10007"}],"wp:featuredmedia":[{"embeddable":true,"href":"https:\/\/www.mpaschule.ch\/index.php\/wp-json\/wp\/v2\/media\/9066"}],"wp:attachment":[{"href":"https:\/\/www.mpaschule.ch\/index.php\/wp-json\/wp\/v2\/media?parent=9072"}],"wp:term":[{"taxonomy":"category","embeddable":true,"href":"https:\/\/www.mpaschule.ch\/index.php\/wp-json\/wp\/v2\/categories?post=9072"},{"taxonomy":"post_tag","embeddable":true,"href":"https:\/\/www.mpaschule.ch\/index.php\/wp-json\/wp\/v2\/tags?post=9072"}],"curies":[{"name":"wp","href":"https:\/\/api.w.org\/{rel}","templated":true}]}}