{"id":7692,"date":"2023-03-30T09:08:05","date_gmt":"2023-03-30T07:08:05","guid":{"rendered":"https:\/\/www.mpaschule.ch\/?p=7692"},"modified":"2023-10-30T10:04:53","modified_gmt":"2023-10-30T09:04:53","slug":"berufscheck-li-mis-laeba-min-bruaf-berufswahlwoche","status":"publish","type":"post","link":"https:\/\/www.mpaschule.ch\/index.php\/berufscheck-li-mis-laeba-min-bruaf-berufswahlwoche\/","title":{"rendered":"BerufsCHECK.li \u2013 Mis L\u00e4ba. Min Bruaf &#8211; Berufswahlwoche"},"content":{"rendered":"<p>Luaga, checka, usprobiera heisst es seit 2016 f\u00fcr jeweils rund 300 Sch\u00fclerinnen und Sch\u00fcler der 8. Klassen an den Ober- und Realschulen und auch f\u00fcr einige Interessierte aus dem Gymnasium. Das gemeinsame Projekt der Liechtensteinischen Industrie- und Handelskammer (LIHK) und der Wirtschaftskammer Liechtenstein unterst\u00fctzt Jugendliche praxisorientiert bei der Entscheidungsfindung, damit sie den Einstieg in ihr Berufsleben erfolgreich meistern. Durch die halbt\u00e4gigen Mini-Schnupperlehren sollen die Jugendlichen erste Erkenntnisse gewinnen, welche Berufe f\u00fcr sie in Frage kommen k\u00f6nnten \u2013 oder eben auch nicht.\u00a0 <span style=\"color: #999999;\"><em>(Quelle: https:\/\/berufscheck.li\/projektwoche\/)<\/em><\/span><\/p>\n<p>Bereits zum 2. Mal durften auch wir den interessierten Lernenden einen Einblick in den Beruf der &#8222;Med. Praxisassistentin EFZ&#8220; gew\u00e4hren. Unter Aufsicht und Anleitung unserer Lehrkr\u00e4fte wie auch unseren Lernenden durften sie selber ausprobieren, wie man den Blutzucker misst, einen Verband anlegt und vieles mehr.<\/p>\n<p>&nbsp;<\/p>\n","protected":false},"excerpt":{"rendered":"<p>Luaga, checka, usprobiera heisst es seit 2016 f\u00fcr jeweils rund 300 Sch\u00fclerinnen und Sch\u00fcler der 8. Klassen an den Ober- und Realschulen <a class=\"read-more\" href=\"https:\/\/www.mpaschule.ch\/index.php\/berufscheck-li-mis-laeba-min-bruaf-berufswahlwoche\/\">weiterlesen<\/a><\/p>\n","protected":false},"author":2,"featured_media":7691,"comment_status":"open","ping_status":"open","sticky":false,"template":"","format":"standard","meta":{"_acf_changed":false,"footnotes":""},"categories":[1,15,16],"tags":[],"class_list":["post-7692","post","type-post","status-publish","format-standard","has-post-thumbnail","hentry","category-news","category-ausstellungen-und-messen","category-galerie"],"acf":[],"yoast_head":"<!-- This site is optimized with the Yoast SEO plugin v27.3 - https:\/\/yoast.com\/product\/yoast-seo-wordpress\/ -->\r\n<title>BerufsCHECK.li \u2013 Mis L\u00e4ba. Min Bruaf - Berufswahlwoche - MPA Berufs- und Handelsschule Buchs<\/title>\r\n<meta name=\"robots\" content=\"index, follow, max-snippet:-1, max-image-preview:large, max-video-preview:-1\" \/>\r\n<link rel=\"canonical\" href=\"https:\/\/www.mpaschule.ch\/index.php\/berufscheck-li-mis-laeba-min-bruaf-berufswahlwoche\/\" \/>\r\n<meta property=\"og:locale\" content=\"de_DE\" \/>\r\n<meta property=\"og:type\" content=\"article\" \/>\r\n<meta property=\"og:title\" content=\"BerufsCHECK.li \u2013 Mis L\u00e4ba. Min Bruaf - Berufswahlwoche - MPA Berufs- und Handelsschule Buchs\" \/>\r\n<meta property=\"og:description\" content=\"Luaga, checka, usprobiera heisst es seit 2016 f\u00fcr jeweils rund 300 Sch\u00fclerinnen und Sch\u00fcler der 8. Klassen an den Ober- und Realschulen weiterlesen\" \/>\r\n<meta property=\"og:url\" content=\"https:\/\/www.mpaschule.ch\/index.php\/berufscheck-li-mis-laeba-min-bruaf-berufswahlwoche\/\" \/>\r\n<meta property=\"og:site_name\" content=\"MPA Berufs- und Handelsschule Buchs\" \/>\r\n<meta property=\"article:publisher\" content=\"https:\/\/www.facebook.com\/people\/MPA-Berufs-und-Handelsschule\/61575351655872\/\" \/>\r\n<meta property=\"article:published_time\" content=\"2023-03-30T07:08:05+00:00\" \/>\r\n<meta property=\"article:modified_time\" content=\"2023-10-30T09:04:53+00:00\" \/>\r\n<meta property=\"og:image\" content=\"https:\/\/www.mpaschule.ch\/wp-content\/uploads\/2023\/10\/DSC_0646.jpg\" \/>\r\n\t<meta property=\"og:image:width\" content=\"1000\" \/>\r\n\t<meta property=\"og:image:height\" content=\"669\" \/>\r\n\t<meta property=\"og:image:type\" content=\"image\/jpeg\" \/>\r\n<meta name=\"author\" content=\"Marianna Von K\u00e4nel\" \/>\r\n<meta name=\"twitter:card\" content=\"summary_large_image\" \/>\r\n<meta name=\"twitter:label1\" content=\"Verfasst von\" \/>\n\t<meta name=\"twitter:data1\" content=\"Marianna Von K\u00e4nel\" \/>\n\t<meta name=\"twitter:label2\" content=\"Gesch\u00e4tzte Lesezeit\" \/>\n\t<meta name=\"twitter:data2\" content=\"1\u00a0Minute\" \/>\r\n<script type=\"application\/ld+json\" class=\"yoast-schema-graph\">{\"@context\":\"https:\\\/\\\/schema.org\",\"@graph\":[{\"@type\":\"Article\",\"@id\":\"https:\\\/\\\/www.mpaschule.ch\\\/index.php\\\/berufscheck-li-mis-laeba-min-bruaf-berufswahlwoche\\\/#article\",\"isPartOf\":{\"@id\":\"https:\\\/\\\/www.mpaschule.ch\\\/index.php\\\/berufscheck-li-mis-laeba-min-bruaf-berufswahlwoche\\\/\"},\"author\":{\"name\":\"Marianna Von K\u00e4nel\",\"@id\":\"https:\\\/\\\/www.mpaschule.ch\\\/#\\\/schema\\\/person\\\/d4a5648d729212d02da1ef9efd92be12\"},\"headline\":\"BerufsCHECK.li \u2013 Mis L\u00e4ba. Min Bruaf &#8211; Berufswahlwoche\",\"datePublished\":\"2023-03-30T07:08:05+00:00\",\"dateModified\":\"2023-10-30T09:04:53+00:00\",\"mainEntityOfPage\":{\"@id\":\"https:\\\/\\\/www.mpaschule.ch\\\/index.php\\\/berufscheck-li-mis-laeba-min-bruaf-berufswahlwoche\\\/\"},\"wordCount\":146,\"commentCount\":0,\"publisher\":{\"@id\":\"https:\\\/\\\/www.mpaschule.ch\\\/#organization\"},\"image\":{\"@id\":\"https:\\\/\\\/www.mpaschule.ch\\\/index.php\\\/berufscheck-li-mis-laeba-min-bruaf-berufswahlwoche\\\/#primaryimage\"},\"thumbnailUrl\":\"https:\\\/\\\/www.mpaschule.ch\\\/wp-content\\\/uploads\\\/2023\\\/10\\\/DSC_0646.jpg\",\"articleSection\":[\"Aktuelles\",\"Berufs-Ausstellungen\\\/Messen\",\"Bildergalerie\"],\"inLanguage\":\"de\",\"potentialAction\":[{\"@type\":\"CommentAction\",\"name\":\"Comment\",\"target\":[\"https:\\\/\\\/www.mpaschule.ch\\\/index.php\\\/berufscheck-li-mis-laeba-min-bruaf-berufswahlwoche\\\/#respond\"]}]},{\"@type\":\"WebPage\",\"@id\":\"https:\\\/\\\/www.mpaschule.ch\\\/index.php\\\/berufscheck-li-mis-laeba-min-bruaf-berufswahlwoche\\\/\",\"url\":\"https:\\\/\\\/www.mpaschule.ch\\\/index.php\\\/berufscheck-li-mis-laeba-min-bruaf-berufswahlwoche\\\/\",\"name\":\"BerufsCHECK.li \u2013 Mis L\u00e4ba. Min Bruaf - Berufswahlwoche - MPA Berufs- und Handelsschule Buchs\",\"isPartOf\":{\"@id\":\"https:\\\/\\\/www.mpaschule.ch\\\/#website\"},\"primaryImageOfPage\":{\"@id\":\"https:\\\/\\\/www.mpaschule.ch\\\/index.php\\\/berufscheck-li-mis-laeba-min-bruaf-berufswahlwoche\\\/#primaryimage\"},\"image\":{\"@id\":\"https:\\\/\\\/www.mpaschule.ch\\\/index.php\\\/berufscheck-li-mis-laeba-min-bruaf-berufswahlwoche\\\/#primaryimage\"},\"thumbnailUrl\":\"https:\\\/\\\/www.mpaschule.ch\\\/wp-content\\\/uploads\\\/2023\\\/10\\\/DSC_0646.jpg\",\"datePublished\":\"2023-03-30T07:08:05+00:00\",\"dateModified\":\"2023-10-30T09:04:53+00:00\",\"breadcrumb\":{\"@id\":\"https:\\\/\\\/www.mpaschule.ch\\\/index.php\\\/berufscheck-li-mis-laeba-min-bruaf-berufswahlwoche\\\/#breadcrumb\"},\"inLanguage\":\"de\",\"potentialAction\":[{\"@type\":\"ReadAction\",\"target\":[\"https:\\\/\\\/www.mpaschule.ch\\\/index.php\\\/berufscheck-li-mis-laeba-min-bruaf-berufswahlwoche\\\/\"]}]},{\"@type\":\"ImageObject\",\"inLanguage\":\"de\",\"@id\":\"https:\\\/\\\/www.mpaschule.ch\\\/index.php\\\/berufscheck-li-mis-laeba-min-bruaf-berufswahlwoche\\\/#primaryimage\",\"url\":\"https:\\\/\\\/www.mpaschule.ch\\\/wp-content\\\/uploads\\\/2023\\\/10\\\/DSC_0646.jpg\",\"contentUrl\":\"https:\\\/\\\/www.mpaschule.ch\\\/wp-content\\\/uploads\\\/2023\\\/10\\\/DSC_0646.jpg\",\"width\":1000,\"height\":669},{\"@type\":\"BreadcrumbList\",\"@id\":\"https:\\\/\\\/www.mpaschule.ch\\\/index.php\\\/berufscheck-li-mis-laeba-min-bruaf-berufswahlwoche\\\/#breadcrumb\",\"itemListElement\":[{\"@type\":\"ListItem\",\"position\":1,\"name\":\"Start\",\"item\":\"https:\\\/\\\/www.mpaschule.ch\\\/\"},{\"@type\":\"ListItem\",\"position\":2,\"name\":\"BerufsCHECK.li \u2013 Mis L\u00e4ba. Min Bruaf &#8211; Berufswahlwoche\"}]},{\"@type\":\"WebSite\",\"@id\":\"https:\\\/\\\/www.mpaschule.ch\\\/#website\",\"url\":\"https:\\\/\\\/www.mpaschule.ch\\\/\",\"name\":\"MPA Berufs- und Handelsschule Buchs\",\"description\":\"MPA EFZ, KV EFZ, MPK klinische Richtung, MPK praxisleitende Richtung, Handelsdiplom VSH, B\u00fcrofachdiplom VSH, Medizinische Praxisassistentin\\\/Medizinischer Praxisassistent EFZ, Medizinische Sekret\u00e4rin H+\\\/Arztsekret\u00e4rin\",\"publisher\":{\"@id\":\"https:\\\/\\\/www.mpaschule.ch\\\/#organization\"},\"potentialAction\":[{\"@type\":\"SearchAction\",\"target\":{\"@type\":\"EntryPoint\",\"urlTemplate\":\"https:\\\/\\\/www.mpaschule.ch\\\/?s={search_term_string}\"},\"query-input\":{\"@type\":\"PropertyValueSpecification\",\"valueRequired\":true,\"valueName\":\"search_term_string\"}}],\"inLanguage\":\"de\"},{\"@type\":\"Organization\",\"@id\":\"https:\\\/\\\/www.mpaschule.ch\\\/#organization\",\"name\":\"MPA Berufs- und Handelsschule Buchs\",\"url\":\"https:\\\/\\\/www.mpaschule.ch\\\/\",\"logo\":{\"@type\":\"ImageObject\",\"inLanguage\":\"de\",\"@id\":\"https:\\\/\\\/www.mpaschule.ch\\\/#\\\/schema\\\/logo\\\/image\\\/\",\"url\":\"https:\\\/\\\/www.mpaschule.ch\\\/wp-content\\\/uploads\\\/2025\\\/12\\\/Logo_gross_WeissHintergrund.png\",\"contentUrl\":\"https:\\\/\\\/www.mpaschule.ch\\\/wp-content\\\/uploads\\\/2025\\\/12\\\/Logo_gross_WeissHintergrund.png\",\"width\":1902,\"height\":2007,\"caption\":\"MPA Berufs- und Handelsschule Buchs\"},\"image\":{\"@id\":\"https:\\\/\\\/www.mpaschule.ch\\\/#\\\/schema\\\/logo\\\/image\\\/\"},\"sameAs\":[\"https:\\\/\\\/www.facebook.com\\\/people\\\/MPA-Berufs-und-Handelsschule\\\/61575351655872\\\/\",\"https:\\\/\\\/www.instagram.com\\\/mpaschule\\\/\",\"https:\\\/\\\/www.youtube.com\\\/@mpaschule-buchs\"]},{\"@type\":\"Person\",\"@id\":\"https:\\\/\\\/www.mpaschule.ch\\\/#\\\/schema\\\/person\\\/d4a5648d729212d02da1ef9efd92be12\",\"name\":\"Marianna Von K\u00e4nel\",\"image\":{\"@type\":\"ImageObject\",\"inLanguage\":\"de\",\"@id\":\"https:\\\/\\\/secure.gravatar.com\\\/avatar\\\/106bcc06bf950ea9642ed192ef4d2711d1f772ec46e5694d761fd1e38b7a02a9?s=96&d=mm&r=g\",\"url\":\"https:\\\/\\\/secure.gravatar.com\\\/avatar\\\/106bcc06bf950ea9642ed192ef4d2711d1f772ec46e5694d761fd1e38b7a02a9?s=96&d=mm&r=g\",\"contentUrl\":\"https:\\\/\\\/secure.gravatar.com\\\/avatar\\\/106bcc06bf950ea9642ed192ef4d2711d1f772ec46e5694d761fd1e38b7a02a9?s=96&d=mm&r=g\",\"caption\":\"Marianna Von K\u00e4nel\"},\"url\":\"https:\\\/\\\/www.mpaschule.ch\\\/index.php\\\/author\\\/mpaschule\\\/\"}]}<\/script>\r\n<!-- \/ Yoast SEO plugin. -->","yoast_head_json":{"title":"BerufsCHECK.li \u2013 Mis L\u00e4ba. Min Bruaf - Berufswahlwoche - MPA Berufs- und Handelsschule Buchs","robots":{"index":"index","follow":"follow","max-snippet":"max-snippet:-1","max-image-preview":"max-image-preview:large","max-video-preview":"max-video-preview:-1"},"canonical":"https:\/\/www.mpaschule.ch\/index.php\/berufscheck-li-mis-laeba-min-bruaf-berufswahlwoche\/","og_locale":"de_DE","og_type":"article","og_title":"BerufsCHECK.li \u2013 Mis L\u00e4ba. Min Bruaf - Berufswahlwoche - MPA Berufs- und Handelsschule Buchs","og_description":"Luaga, checka, usprobiera heisst es seit 2016 f\u00fcr jeweils rund 300 Sch\u00fclerinnen und Sch\u00fcler der 8. Klassen an den Ober- und Realschulen weiterlesen","og_url":"https:\/\/www.mpaschule.ch\/index.php\/berufscheck-li-mis-laeba-min-bruaf-berufswahlwoche\/","og_site_name":"MPA Berufs- und Handelsschule Buchs","article_publisher":"https:\/\/www.facebook.com\/people\/MPA-Berufs-und-Handelsschule\/61575351655872\/","article_published_time":"2023-03-30T07:08:05+00:00","article_modified_time":"2023-10-30T09:04:53+00:00","og_image":[{"width":1000,"height":669,"url":"https:\/\/www.mpaschule.ch\/wp-content\/uploads\/2023\/10\/DSC_0646.jpg","type":"image\/jpeg"}],"author":"Marianna Von K\u00e4nel","twitter_card":"summary_large_image","twitter_misc":{"Verfasst von":"Marianna Von K\u00e4nel","Gesch\u00e4tzte Lesezeit":"1\u00a0Minute"},"schema":{"@context":"https:\/\/schema.org","@graph":[{"@type":"Article","@id":"https:\/\/www.mpaschule.ch\/index.php\/berufscheck-li-mis-laeba-min-bruaf-berufswahlwoche\/#article","isPartOf":{"@id":"https:\/\/www.mpaschule.ch\/index.php\/berufscheck-li-mis-laeba-min-bruaf-berufswahlwoche\/"},"author":{"name":"Marianna Von K\u00e4nel","@id":"https:\/\/www.mpaschule.ch\/#\/schema\/person\/d4a5648d729212d02da1ef9efd92be12"},"headline":"BerufsCHECK.li \u2013 Mis L\u00e4ba. Min Bruaf &#8211; Berufswahlwoche","datePublished":"2023-03-30T07:08:05+00:00","dateModified":"2023-10-30T09:04:53+00:00","mainEntityOfPage":{"@id":"https:\/\/www.mpaschule.ch\/index.php\/berufscheck-li-mis-laeba-min-bruaf-berufswahlwoche\/"},"wordCount":146,"commentCount":0,"publisher":{"@id":"https:\/\/www.mpaschule.ch\/#organization"},"image":{"@id":"https:\/\/www.mpaschule.ch\/index.php\/berufscheck-li-mis-laeba-min-bruaf-berufswahlwoche\/#primaryimage"},"thumbnailUrl":"https:\/\/www.mpaschule.ch\/wp-content\/uploads\/2023\/10\/DSC_0646.jpg","articleSection":["Aktuelles","Berufs-Ausstellungen\/Messen","Bildergalerie"],"inLanguage":"de","potentialAction":[{"@type":"CommentAction","name":"Comment","target":["https:\/\/www.mpaschule.ch\/index.php\/berufscheck-li-mis-laeba-min-bruaf-berufswahlwoche\/#respond"]}]},{"@type":"WebPage","@id":"https:\/\/www.mpaschule.ch\/index.php\/berufscheck-li-mis-laeba-min-bruaf-berufswahlwoche\/","url":"https:\/\/www.mpaschule.ch\/index.php\/berufscheck-li-mis-laeba-min-bruaf-berufswahlwoche\/","name":"BerufsCHECK.li \u2013 Mis L\u00e4ba. Min Bruaf - Berufswahlwoche - MPA Berufs- und Handelsschule Buchs","isPartOf":{"@id":"https:\/\/www.mpaschule.ch\/#website"},"primaryImageOfPage":{"@id":"https:\/\/www.mpaschule.ch\/index.php\/berufscheck-li-mis-laeba-min-bruaf-berufswahlwoche\/#primaryimage"},"image":{"@id":"https:\/\/www.mpaschule.ch\/index.php\/berufscheck-li-mis-laeba-min-bruaf-berufswahlwoche\/#primaryimage"},"thumbnailUrl":"https:\/\/www.mpaschule.ch\/wp-content\/uploads\/2023\/10\/DSC_0646.jpg","datePublished":"2023-03-30T07:08:05+00:00","dateModified":"2023-10-30T09:04:53+00:00","breadcrumb":{"@id":"https:\/\/www.mpaschule.ch\/index.php\/berufscheck-li-mis-laeba-min-bruaf-berufswahlwoche\/#breadcrumb"},"inLanguage":"de","potentialAction":[{"@type":"ReadAction","target":["https:\/\/www.mpaschule.ch\/index.php\/berufscheck-li-mis-laeba-min-bruaf-berufswahlwoche\/"]}]},{"@type":"ImageObject","inLanguage":"de","@id":"https:\/\/www.mpaschule.ch\/index.php\/berufscheck-li-mis-laeba-min-bruaf-berufswahlwoche\/#primaryimage","url":"https:\/\/www.mpaschule.ch\/wp-content\/uploads\/2023\/10\/DSC_0646.jpg","contentUrl":"https:\/\/www.mpaschule.ch\/wp-content\/uploads\/2023\/10\/DSC_0646.jpg","width":1000,"height":669},{"@type":"BreadcrumbList","@id":"https:\/\/www.mpaschule.ch\/index.php\/berufscheck-li-mis-laeba-min-bruaf-berufswahlwoche\/#breadcrumb","itemListElement":[{"@type":"ListItem","position":1,"name":"Start","item":"https:\/\/www.mpaschule.ch\/"},{"@type":"ListItem","position":2,"name":"BerufsCHECK.li \u2013 Mis L\u00e4ba. Min Bruaf &#8211; Berufswahlwoche"}]},{"@type":"WebSite","@id":"https:\/\/www.mpaschule.ch\/#website","url":"https:\/\/www.mpaschule.ch\/","name":"MPA Berufs- und Handelsschule Buchs","description":"MPA EFZ, KV EFZ, MPK klinische Richtung, MPK praxisleitende Richtung, Handelsdiplom VSH, B\u00fcrofachdiplom VSH, Medizinische Praxisassistentin\/Medizinischer Praxisassistent EFZ, Medizinische Sekret\u00e4rin H+\/Arztsekret\u00e4rin","publisher":{"@id":"https:\/\/www.mpaschule.ch\/#organization"},"potentialAction":[{"@type":"SearchAction","target":{"@type":"EntryPoint","urlTemplate":"https:\/\/www.mpaschule.ch\/?s={search_term_string}"},"query-input":{"@type":"PropertyValueSpecification","valueRequired":true,"valueName":"search_term_string"}}],"inLanguage":"de"},{"@type":"Organization","@id":"https:\/\/www.mpaschule.ch\/#organization","name":"MPA Berufs- und Handelsschule Buchs","url":"https:\/\/www.mpaschule.ch\/","logo":{"@type":"ImageObject","inLanguage":"de","@id":"https:\/\/www.mpaschule.ch\/#\/schema\/logo\/image\/","url":"https:\/\/www.mpaschule.ch\/wp-content\/uploads\/2025\/12\/Logo_gross_WeissHintergrund.png","contentUrl":"https:\/\/www.mpaschule.ch\/wp-content\/uploads\/2025\/12\/Logo_gross_WeissHintergrund.png","width":1902,"height":2007,"caption":"MPA Berufs- und Handelsschule Buchs"},"image":{"@id":"https:\/\/www.mpaschule.ch\/#\/schema\/logo\/image\/"},"sameAs":["https:\/\/www.facebook.com\/people\/MPA-Berufs-und-Handelsschule\/61575351655872\/","https:\/\/www.instagram.com\/mpaschule\/","https:\/\/www.youtube.com\/@mpaschule-buchs"]},{"@type":"Person","@id":"https:\/\/www.mpaschule.ch\/#\/schema\/person\/d4a5648d729212d02da1ef9efd92be12","name":"Marianna Von K\u00e4nel","image":{"@type":"ImageObject","inLanguage":"de","@id":"https:\/\/secure.gravatar.com\/avatar\/106bcc06bf950ea9642ed192ef4d2711d1f772ec46e5694d761fd1e38b7a02a9?s=96&d=mm&r=g","url":"https:\/\/secure.gravatar.com\/avatar\/106bcc06bf950ea9642ed192ef4d2711d1f772ec46e5694d761fd1e38b7a02a9?s=96&d=mm&r=g","contentUrl":"https:\/\/secure.gravatar.com\/avatar\/106bcc06bf950ea9642ed192ef4d2711d1f772ec46e5694d761fd1e38b7a02a9?s=96&d=mm&r=g","caption":"Marianna Von K\u00e4nel"},"url":"https:\/\/www.mpaschule.ch\/index.php\/author\/mpaschule\/"}]}},"_links":{"self":[{"href":"https:\/\/www.mpaschule.ch\/index.php\/wp-json\/wp\/v2\/posts\/7692","targetHints":{"allow":["GET"]}}],"collection":[{"href":"https:\/\/www.mpaschule.ch\/index.php\/wp-json\/wp\/v2\/posts"}],"about":[{"href":"https:\/\/www.mpaschule.ch\/index.php\/wp-json\/wp\/v2\/types\/post"}],"author":[{"embeddable":true,"href":"https:\/\/www.mpaschule.ch\/index.php\/wp-json\/wp\/v2\/users\/2"}],"replies":[{"embeddable":true,"href":"https:\/\/www.mpaschule.ch\/index.php\/wp-json\/wp\/v2\/comments?post=7692"}],"version-history":[{"count":1,"href":"https:\/\/www.mpaschule.ch\/index.php\/wp-json\/wp\/v2\/posts\/7692\/revisions"}],"predecessor-version":[{"id":7693,"href":"https:\/\/www.mpaschule.ch\/index.php\/wp-json\/wp\/v2\/posts\/7692\/revisions\/7693"}],"wp:featuredmedia":[{"embeddable":true,"href":"https:\/\/www.mpaschule.ch\/index.php\/wp-json\/wp\/v2\/media\/7691"}],"wp:attachment":[{"href":"https:\/\/www.mpaschule.ch\/index.php\/wp-json\/wp\/v2\/media?parent=7692"}],"wp:term":[{"taxonomy":"category","embeddable":true,"href":"https:\/\/www.mpaschule.ch\/index.php\/wp-json\/wp\/v2\/categories?post=7692"},{"taxonomy":"post_tag","embeddable":true,"href":"https:\/\/www.mpaschule.ch\/index.php\/wp-json\/wp\/v2\/tags?post=7692"}],"curies":[{"name":"wp","href":"https:\/\/api.w.org\/{rel}","templated":true}]}}