{"id":7671,"date":"2023-09-26T13:32:29","date_gmt":"2023-09-26T11:32:29","guid":{"rendered":"https:\/\/www.mpaschule.ch\/?p=7671"},"modified":"2023-10-30T10:08:56","modified_gmt":"2023-10-30T09:08:56","slug":"besuchstag-freiwilliges-10-schuljahr-vaduz-2","status":"publish","type":"post","link":"https:\/\/www.mpaschule.ch\/index.php\/besuchstag-freiwilliges-10-schuljahr-vaduz-2\/","title":{"rendered":"Besuchstag \u201eFreiwilliges 10. Schuljahr\u201c, Vaduz"},"content":{"rendered":"<p>Der Besuch der MPA Berufs- und Handelsschule in Buchs war f\u00fcr die Sch\u00fcler\/-innen des &#8222;Freiwilligen 10. Schuljahres&#8220; wie auch f\u00fcr unsere Lernenden im 1. Ausbildungsjahr ein besonderes Ereignis.\u00a0 Nicht zuletzt, weil sie selber aktiv mitwirken durften. Einmal mehr waren sie von den Kurzvortr\u00e4gen und praktischen Vorf\u00fchrungen unserer Sch\u00fcler\/-innen begeistert und erhielten so einen wertvollen Einblick in den Arbeitsalltag einer MPA.<\/p>\n","protected":false},"excerpt":{"rendered":"<p>Der Besuch der MPA Berufs- und Handelsschule in Buchs war f\u00fcr die Sch\u00fcler\/-innen des &#8222;Freiwilligen 10. Schuljahres&#8220; wie auch f\u00fcr unsere Lernenden <a class=\"read-more\" href=\"https:\/\/www.mpaschule.ch\/index.php\/besuchstag-freiwilliges-10-schuljahr-vaduz-2\/\">weiterlesen<\/a><\/p>\n","protected":false},"author":2,"featured_media":7679,"comment_status":"open","ping_status":"open","sticky":false,"template":"","format":"standard","meta":{"_acf_changed":false,"footnotes":""},"categories":[1,15,16],"tags":[],"class_list":["post-7671","post","type-post","status-publish","format-standard","has-post-thumbnail","hentry","category-news","category-ausstellungen-und-messen","category-galerie"],"acf":[],"yoast_head":"<!-- This site is optimized with the Yoast SEO plugin v27.3 - https:\/\/yoast.com\/product\/yoast-seo-wordpress\/ -->\r\n<title>Besuchstag \u201eFreiwilliges 10. Schuljahr\u201c, Vaduz - MPA Berufs- und Handelsschule Buchs<\/title>\r\n<meta name=\"robots\" content=\"index, follow, max-snippet:-1, max-image-preview:large, max-video-preview:-1\" \/>\r\n<link rel=\"canonical\" href=\"https:\/\/www.mpaschule.ch\/index.php\/besuchstag-freiwilliges-10-schuljahr-vaduz-2\/\" \/>\r\n<meta property=\"og:locale\" content=\"de_DE\" \/>\r\n<meta property=\"og:type\" content=\"article\" \/>\r\n<meta property=\"og:title\" content=\"Besuchstag \u201eFreiwilliges 10. Schuljahr\u201c, Vaduz - MPA Berufs- und Handelsschule Buchs\" \/>\r\n<meta property=\"og:description\" content=\"Der Besuch der MPA Berufs- und Handelsschule in Buchs war f\u00fcr die Sch\u00fcler\/-innen des &#8222;Freiwilligen 10. Schuljahres&#8220; wie auch f\u00fcr unsere Lernenden weiterlesen\" \/>\r\n<meta property=\"og:url\" content=\"https:\/\/www.mpaschule.ch\/index.php\/besuchstag-freiwilliges-10-schuljahr-vaduz-2\/\" \/>\r\n<meta property=\"og:site_name\" content=\"MPA Berufs- und Handelsschule Buchs\" \/>\r\n<meta property=\"article:publisher\" content=\"https:\/\/www.facebook.com\/people\/MPA-Berufs-und-Handelsschule\/61575351655872\/\" \/>\r\n<meta property=\"article:published_time\" content=\"2023-09-26T11:32:29+00:00\" \/>\r\n<meta property=\"article:modified_time\" content=\"2023-10-30T09:08:56+00:00\" \/>\r\n<meta property=\"og:image\" content=\"https:\/\/www.mpaschule.ch\/wp-content\/uploads\/2023\/10\/Bild-13-rotated-e1698656920427.jpg\" \/>\r\n\t<meta property=\"og:image:width\" content=\"475\" \/>\r\n\t<meta property=\"og:image:height\" content=\"478\" \/>\r\n\t<meta property=\"og:image:type\" content=\"image\/jpeg\" \/>\r\n<meta name=\"author\" content=\"Marianna Von K\u00e4nel\" \/>\r\n<meta name=\"twitter:card\" content=\"summary_large_image\" \/>\r\n<meta name=\"twitter:label1\" content=\"Verfasst von\" \/>\n\t<meta name=\"twitter:data1\" content=\"Marianna Von K\u00e4nel\" \/>\r\n<script type=\"application\/ld+json\" class=\"yoast-schema-graph\">{\"@context\":\"https:\\\/\\\/schema.org\",\"@graph\":[{\"@type\":\"Article\",\"@id\":\"https:\\\/\\\/www.mpaschule.ch\\\/index.php\\\/besuchstag-freiwilliges-10-schuljahr-vaduz-2\\\/#article\",\"isPartOf\":{\"@id\":\"https:\\\/\\\/www.mpaschule.ch\\\/index.php\\\/besuchstag-freiwilliges-10-schuljahr-vaduz-2\\\/\"},\"author\":{\"name\":\"Marianna Von K\u00e4nel\",\"@id\":\"https:\\\/\\\/www.mpaschule.ch\\\/#\\\/schema\\\/person\\\/d4a5648d729212d02da1ef9efd92be12\"},\"headline\":\"Besuchstag \u201eFreiwilliges 10. Schuljahr\u201c, Vaduz\",\"datePublished\":\"2023-09-26T11:32:29+00:00\",\"dateModified\":\"2023-10-30T09:08:56+00:00\",\"mainEntityOfPage\":{\"@id\":\"https:\\\/\\\/www.mpaschule.ch\\\/index.php\\\/besuchstag-freiwilliges-10-schuljahr-vaduz-2\\\/\"},\"wordCount\":70,\"commentCount\":0,\"publisher\":{\"@id\":\"https:\\\/\\\/www.mpaschule.ch\\\/#organization\"},\"image\":{\"@id\":\"https:\\\/\\\/www.mpaschule.ch\\\/index.php\\\/besuchstag-freiwilliges-10-schuljahr-vaduz-2\\\/#primaryimage\"},\"thumbnailUrl\":\"https:\\\/\\\/www.mpaschule.ch\\\/wp-content\\\/uploads\\\/2023\\\/10\\\/Bild-13-rotated-e1698656920427.jpg\",\"articleSection\":[\"Aktuelles\",\"Berufs-Ausstellungen\\\/Messen\",\"Bildergalerie\"],\"inLanguage\":\"de\",\"potentialAction\":[{\"@type\":\"CommentAction\",\"name\":\"Comment\",\"target\":[\"https:\\\/\\\/www.mpaschule.ch\\\/index.php\\\/besuchstag-freiwilliges-10-schuljahr-vaduz-2\\\/#respond\"]}]},{\"@type\":\"WebPage\",\"@id\":\"https:\\\/\\\/www.mpaschule.ch\\\/index.php\\\/besuchstag-freiwilliges-10-schuljahr-vaduz-2\\\/\",\"url\":\"https:\\\/\\\/www.mpaschule.ch\\\/index.php\\\/besuchstag-freiwilliges-10-schuljahr-vaduz-2\\\/\",\"name\":\"Besuchstag \u201eFreiwilliges 10. Schuljahr\u201c, Vaduz - MPA Berufs- und Handelsschule Buchs\",\"isPartOf\":{\"@id\":\"https:\\\/\\\/www.mpaschule.ch\\\/#website\"},\"primaryImageOfPage\":{\"@id\":\"https:\\\/\\\/www.mpaschule.ch\\\/index.php\\\/besuchstag-freiwilliges-10-schuljahr-vaduz-2\\\/#primaryimage\"},\"image\":{\"@id\":\"https:\\\/\\\/www.mpaschule.ch\\\/index.php\\\/besuchstag-freiwilliges-10-schuljahr-vaduz-2\\\/#primaryimage\"},\"thumbnailUrl\":\"https:\\\/\\\/www.mpaschule.ch\\\/wp-content\\\/uploads\\\/2023\\\/10\\\/Bild-13-rotated-e1698656920427.jpg\",\"datePublished\":\"2023-09-26T11:32:29+00:00\",\"dateModified\":\"2023-10-30T09:08:56+00:00\",\"breadcrumb\":{\"@id\":\"https:\\\/\\\/www.mpaschule.ch\\\/index.php\\\/besuchstag-freiwilliges-10-schuljahr-vaduz-2\\\/#breadcrumb\"},\"inLanguage\":\"de\",\"potentialAction\":[{\"@type\":\"ReadAction\",\"target\":[\"https:\\\/\\\/www.mpaschule.ch\\\/index.php\\\/besuchstag-freiwilliges-10-schuljahr-vaduz-2\\\/\"]}]},{\"@type\":\"ImageObject\",\"inLanguage\":\"de\",\"@id\":\"https:\\\/\\\/www.mpaschule.ch\\\/index.php\\\/besuchstag-freiwilliges-10-schuljahr-vaduz-2\\\/#primaryimage\",\"url\":\"https:\\\/\\\/www.mpaschule.ch\\\/wp-content\\\/uploads\\\/2023\\\/10\\\/Bild-13-rotated-e1698656920427.jpg\",\"contentUrl\":\"https:\\\/\\\/www.mpaschule.ch\\\/wp-content\\\/uploads\\\/2023\\\/10\\\/Bild-13-rotated-e1698656920427.jpg\",\"width\":475,\"height\":478},{\"@type\":\"BreadcrumbList\",\"@id\":\"https:\\\/\\\/www.mpaschule.ch\\\/index.php\\\/besuchstag-freiwilliges-10-schuljahr-vaduz-2\\\/#breadcrumb\",\"itemListElement\":[{\"@type\":\"ListItem\",\"position\":1,\"name\":\"Start\",\"item\":\"https:\\\/\\\/www.mpaschule.ch\\\/\"},{\"@type\":\"ListItem\",\"position\":2,\"name\":\"Besuchstag \u201eFreiwilliges 10. Schuljahr\u201c, Vaduz\"}]},{\"@type\":\"WebSite\",\"@id\":\"https:\\\/\\\/www.mpaschule.ch\\\/#website\",\"url\":\"https:\\\/\\\/www.mpaschule.ch\\\/\",\"name\":\"MPA Berufs- und Handelsschule Buchs\",\"description\":\"MPA EFZ, KV EFZ, MPK klinische Richtung, MPK praxisleitende Richtung, Handelsdiplom VSH, B\u00fcrofachdiplom VSH, Medizinische Praxisassistentin\\\/Medizinischer Praxisassistent EFZ, Medizinische Sekret\u00e4rin H+\\\/Arztsekret\u00e4rin\",\"publisher\":{\"@id\":\"https:\\\/\\\/www.mpaschule.ch\\\/#organization\"},\"potentialAction\":[{\"@type\":\"SearchAction\",\"target\":{\"@type\":\"EntryPoint\",\"urlTemplate\":\"https:\\\/\\\/www.mpaschule.ch\\\/?s={search_term_string}\"},\"query-input\":{\"@type\":\"PropertyValueSpecification\",\"valueRequired\":true,\"valueName\":\"search_term_string\"}}],\"inLanguage\":\"de\"},{\"@type\":\"Organization\",\"@id\":\"https:\\\/\\\/www.mpaschule.ch\\\/#organization\",\"name\":\"MPA Berufs- und Handelsschule Buchs\",\"url\":\"https:\\\/\\\/www.mpaschule.ch\\\/\",\"logo\":{\"@type\":\"ImageObject\",\"inLanguage\":\"de\",\"@id\":\"https:\\\/\\\/www.mpaschule.ch\\\/#\\\/schema\\\/logo\\\/image\\\/\",\"url\":\"https:\\\/\\\/www.mpaschule.ch\\\/wp-content\\\/uploads\\\/2025\\\/12\\\/Logo_gross_WeissHintergrund.png\",\"contentUrl\":\"https:\\\/\\\/www.mpaschule.ch\\\/wp-content\\\/uploads\\\/2025\\\/12\\\/Logo_gross_WeissHintergrund.png\",\"width\":1902,\"height\":2007,\"caption\":\"MPA Berufs- und Handelsschule Buchs\"},\"image\":{\"@id\":\"https:\\\/\\\/www.mpaschule.ch\\\/#\\\/schema\\\/logo\\\/image\\\/\"},\"sameAs\":[\"https:\\\/\\\/www.facebook.com\\\/people\\\/MPA-Berufs-und-Handelsschule\\\/61575351655872\\\/\",\"https:\\\/\\\/www.instagram.com\\\/mpaschule\\\/\",\"https:\\\/\\\/www.youtube.com\\\/@mpaschule-buchs\"]},{\"@type\":\"Person\",\"@id\":\"https:\\\/\\\/www.mpaschule.ch\\\/#\\\/schema\\\/person\\\/d4a5648d729212d02da1ef9efd92be12\",\"name\":\"Marianna Von K\u00e4nel\",\"image\":{\"@type\":\"ImageObject\",\"inLanguage\":\"de\",\"@id\":\"https:\\\/\\\/secure.gravatar.com\\\/avatar\\\/106bcc06bf950ea9642ed192ef4d2711d1f772ec46e5694d761fd1e38b7a02a9?s=96&d=mm&r=g\",\"url\":\"https:\\\/\\\/secure.gravatar.com\\\/avatar\\\/106bcc06bf950ea9642ed192ef4d2711d1f772ec46e5694d761fd1e38b7a02a9?s=96&d=mm&r=g\",\"contentUrl\":\"https:\\\/\\\/secure.gravatar.com\\\/avatar\\\/106bcc06bf950ea9642ed192ef4d2711d1f772ec46e5694d761fd1e38b7a02a9?s=96&d=mm&r=g\",\"caption\":\"Marianna Von K\u00e4nel\"},\"url\":\"https:\\\/\\\/www.mpaschule.ch\\\/index.php\\\/author\\\/mpaschule\\\/\"}]}<\/script>\r\n<!-- \/ Yoast SEO plugin. -->","yoast_head_json":{"title":"Besuchstag \u201eFreiwilliges 10. Schuljahr\u201c, Vaduz - MPA Berufs- und Handelsschule Buchs","robots":{"index":"index","follow":"follow","max-snippet":"max-snippet:-1","max-image-preview":"max-image-preview:large","max-video-preview":"max-video-preview:-1"},"canonical":"https:\/\/www.mpaschule.ch\/index.php\/besuchstag-freiwilliges-10-schuljahr-vaduz-2\/","og_locale":"de_DE","og_type":"article","og_title":"Besuchstag \u201eFreiwilliges 10. Schuljahr\u201c, Vaduz - MPA Berufs- und Handelsschule Buchs","og_description":"Der Besuch der MPA Berufs- und Handelsschule in Buchs war f\u00fcr die Sch\u00fcler\/-innen des &#8222;Freiwilligen 10. Schuljahres&#8220; wie auch f\u00fcr unsere Lernenden weiterlesen","og_url":"https:\/\/www.mpaschule.ch\/index.php\/besuchstag-freiwilliges-10-schuljahr-vaduz-2\/","og_site_name":"MPA Berufs- und Handelsschule Buchs","article_publisher":"https:\/\/www.facebook.com\/people\/MPA-Berufs-und-Handelsschule\/61575351655872\/","article_published_time":"2023-09-26T11:32:29+00:00","article_modified_time":"2023-10-30T09:08:56+00:00","og_image":[{"width":475,"height":478,"url":"https:\/\/www.mpaschule.ch\/wp-content\/uploads\/2023\/10\/Bild-13-rotated-e1698656920427.jpg","type":"image\/jpeg"}],"author":"Marianna Von K\u00e4nel","twitter_card":"summary_large_image","twitter_misc":{"Verfasst von":"Marianna Von K\u00e4nel"},"schema":{"@context":"https:\/\/schema.org","@graph":[{"@type":"Article","@id":"https:\/\/www.mpaschule.ch\/index.php\/besuchstag-freiwilliges-10-schuljahr-vaduz-2\/#article","isPartOf":{"@id":"https:\/\/www.mpaschule.ch\/index.php\/besuchstag-freiwilliges-10-schuljahr-vaduz-2\/"},"author":{"name":"Marianna Von K\u00e4nel","@id":"https:\/\/www.mpaschule.ch\/#\/schema\/person\/d4a5648d729212d02da1ef9efd92be12"},"headline":"Besuchstag \u201eFreiwilliges 10. Schuljahr\u201c, Vaduz","datePublished":"2023-09-26T11:32:29+00:00","dateModified":"2023-10-30T09:08:56+00:00","mainEntityOfPage":{"@id":"https:\/\/www.mpaschule.ch\/index.php\/besuchstag-freiwilliges-10-schuljahr-vaduz-2\/"},"wordCount":70,"commentCount":0,"publisher":{"@id":"https:\/\/www.mpaschule.ch\/#organization"},"image":{"@id":"https:\/\/www.mpaschule.ch\/index.php\/besuchstag-freiwilliges-10-schuljahr-vaduz-2\/#primaryimage"},"thumbnailUrl":"https:\/\/www.mpaschule.ch\/wp-content\/uploads\/2023\/10\/Bild-13-rotated-e1698656920427.jpg","articleSection":["Aktuelles","Berufs-Ausstellungen\/Messen","Bildergalerie"],"inLanguage":"de","potentialAction":[{"@type":"CommentAction","name":"Comment","target":["https:\/\/www.mpaschule.ch\/index.php\/besuchstag-freiwilliges-10-schuljahr-vaduz-2\/#respond"]}]},{"@type":"WebPage","@id":"https:\/\/www.mpaschule.ch\/index.php\/besuchstag-freiwilliges-10-schuljahr-vaduz-2\/","url":"https:\/\/www.mpaschule.ch\/index.php\/besuchstag-freiwilliges-10-schuljahr-vaduz-2\/","name":"Besuchstag \u201eFreiwilliges 10. Schuljahr\u201c, Vaduz - MPA Berufs- und Handelsschule Buchs","isPartOf":{"@id":"https:\/\/www.mpaschule.ch\/#website"},"primaryImageOfPage":{"@id":"https:\/\/www.mpaschule.ch\/index.php\/besuchstag-freiwilliges-10-schuljahr-vaduz-2\/#primaryimage"},"image":{"@id":"https:\/\/www.mpaschule.ch\/index.php\/besuchstag-freiwilliges-10-schuljahr-vaduz-2\/#primaryimage"},"thumbnailUrl":"https:\/\/www.mpaschule.ch\/wp-content\/uploads\/2023\/10\/Bild-13-rotated-e1698656920427.jpg","datePublished":"2023-09-26T11:32:29+00:00","dateModified":"2023-10-30T09:08:56+00:00","breadcrumb":{"@id":"https:\/\/www.mpaschule.ch\/index.php\/besuchstag-freiwilliges-10-schuljahr-vaduz-2\/#breadcrumb"},"inLanguage":"de","potentialAction":[{"@type":"ReadAction","target":["https:\/\/www.mpaschule.ch\/index.php\/besuchstag-freiwilliges-10-schuljahr-vaduz-2\/"]}]},{"@type":"ImageObject","inLanguage":"de","@id":"https:\/\/www.mpaschule.ch\/index.php\/besuchstag-freiwilliges-10-schuljahr-vaduz-2\/#primaryimage","url":"https:\/\/www.mpaschule.ch\/wp-content\/uploads\/2023\/10\/Bild-13-rotated-e1698656920427.jpg","contentUrl":"https:\/\/www.mpaschule.ch\/wp-content\/uploads\/2023\/10\/Bild-13-rotated-e1698656920427.jpg","width":475,"height":478},{"@type":"BreadcrumbList","@id":"https:\/\/www.mpaschule.ch\/index.php\/besuchstag-freiwilliges-10-schuljahr-vaduz-2\/#breadcrumb","itemListElement":[{"@type":"ListItem","position":1,"name":"Start","item":"https:\/\/www.mpaschule.ch\/"},{"@type":"ListItem","position":2,"name":"Besuchstag \u201eFreiwilliges 10. Schuljahr\u201c, Vaduz"}]},{"@type":"WebSite","@id":"https:\/\/www.mpaschule.ch\/#website","url":"https:\/\/www.mpaschule.ch\/","name":"MPA Berufs- und Handelsschule Buchs","description":"MPA EFZ, KV EFZ, MPK klinische Richtung, MPK praxisleitende Richtung, Handelsdiplom VSH, B\u00fcrofachdiplom VSH, Medizinische Praxisassistentin\/Medizinischer Praxisassistent EFZ, Medizinische Sekret\u00e4rin H+\/Arztsekret\u00e4rin","publisher":{"@id":"https:\/\/www.mpaschule.ch\/#organization"},"potentialAction":[{"@type":"SearchAction","target":{"@type":"EntryPoint","urlTemplate":"https:\/\/www.mpaschule.ch\/?s={search_term_string}"},"query-input":{"@type":"PropertyValueSpecification","valueRequired":true,"valueName":"search_term_string"}}],"inLanguage":"de"},{"@type":"Organization","@id":"https:\/\/www.mpaschule.ch\/#organization","name":"MPA Berufs- und Handelsschule Buchs","url":"https:\/\/www.mpaschule.ch\/","logo":{"@type":"ImageObject","inLanguage":"de","@id":"https:\/\/www.mpaschule.ch\/#\/schema\/logo\/image\/","url":"https:\/\/www.mpaschule.ch\/wp-content\/uploads\/2025\/12\/Logo_gross_WeissHintergrund.png","contentUrl":"https:\/\/www.mpaschule.ch\/wp-content\/uploads\/2025\/12\/Logo_gross_WeissHintergrund.png","width":1902,"height":2007,"caption":"MPA Berufs- und Handelsschule Buchs"},"image":{"@id":"https:\/\/www.mpaschule.ch\/#\/schema\/logo\/image\/"},"sameAs":["https:\/\/www.facebook.com\/people\/MPA-Berufs-und-Handelsschule\/61575351655872\/","https:\/\/www.instagram.com\/mpaschule\/","https:\/\/www.youtube.com\/@mpaschule-buchs"]},{"@type":"Person","@id":"https:\/\/www.mpaschule.ch\/#\/schema\/person\/d4a5648d729212d02da1ef9efd92be12","name":"Marianna Von K\u00e4nel","image":{"@type":"ImageObject","inLanguage":"de","@id":"https:\/\/secure.gravatar.com\/avatar\/106bcc06bf950ea9642ed192ef4d2711d1f772ec46e5694d761fd1e38b7a02a9?s=96&d=mm&r=g","url":"https:\/\/secure.gravatar.com\/avatar\/106bcc06bf950ea9642ed192ef4d2711d1f772ec46e5694d761fd1e38b7a02a9?s=96&d=mm&r=g","contentUrl":"https:\/\/secure.gravatar.com\/avatar\/106bcc06bf950ea9642ed192ef4d2711d1f772ec46e5694d761fd1e38b7a02a9?s=96&d=mm&r=g","caption":"Marianna Von K\u00e4nel"},"url":"https:\/\/www.mpaschule.ch\/index.php\/author\/mpaschule\/"}]}},"_links":{"self":[{"href":"https:\/\/www.mpaschule.ch\/index.php\/wp-json\/wp\/v2\/posts\/7671","targetHints":{"allow":["GET"]}}],"collection":[{"href":"https:\/\/www.mpaschule.ch\/index.php\/wp-json\/wp\/v2\/posts"}],"about":[{"href":"https:\/\/www.mpaschule.ch\/index.php\/wp-json\/wp\/v2\/types\/post"}],"author":[{"embeddable":true,"href":"https:\/\/www.mpaschule.ch\/index.php\/wp-json\/wp\/v2\/users\/2"}],"replies":[{"embeddable":true,"href":"https:\/\/www.mpaschule.ch\/index.php\/wp-json\/wp\/v2\/comments?post=7671"}],"version-history":[{"count":4,"href":"https:\/\/www.mpaschule.ch\/index.php\/wp-json\/wp\/v2\/posts\/7671\/revisions"}],"predecessor-version":[{"id":7686,"href":"https:\/\/www.mpaschule.ch\/index.php\/wp-json\/wp\/v2\/posts\/7671\/revisions\/7686"}],"wp:featuredmedia":[{"embeddable":true,"href":"https:\/\/www.mpaschule.ch\/index.php\/wp-json\/wp\/v2\/media\/7679"}],"wp:attachment":[{"href":"https:\/\/www.mpaschule.ch\/index.php\/wp-json\/wp\/v2\/media?parent=7671"}],"wp:term":[{"taxonomy":"category","embeddable":true,"href":"https:\/\/www.mpaschule.ch\/index.php\/wp-json\/wp\/v2\/categories?post=7671"},{"taxonomy":"post_tag","embeddable":true,"href":"https:\/\/www.mpaschule.ch\/index.php\/wp-json\/wp\/v2\/tags?post=7671"}],"curies":[{"name":"wp","href":"https:\/\/api.w.org\/{rel}","templated":true}]}}