{"id":7158,"date":"2022-10-03T09:35:04","date_gmt":"2022-10-03T07:35:04","guid":{"rendered":"https:\/\/www.mpaschule.ch\/?p=7158"},"modified":"2022-11-15T10:57:58","modified_gmt":"2022-11-15T09:57:58","slug":"next-step-berufs-und-bildungstage-vom-23-24-september-2022","status":"publish","type":"post","link":"https:\/\/www.mpaschule.ch\/index.php\/next-step-berufs-und-bildungstage-vom-23-24-september-2022\/","title":{"rendered":"next-step Berufs- und Bildungstage 2022"},"content":{"rendered":"<p>Schon zum achten Mal ist die MPA Berufs- und Handelsschule an den next-step Berufs- und Bildungstagen (23.\/24. September 2022) mit dabei. Die Pr\u00e4senz an diesem Event ist von enormer Bedeutung. Mit viel Elan und Engagement zeigen unsere Lernenden ihr K\u00f6nnen. Von den Besucherinnen und Besuchern wird besonders gesch\u00e4tzt, dass sie unter Anleitung unserer Lernenden selber ausprobieren d\u00fcrfen, wie man den Blutdruck oder den Blutzucker misst.<\/p>\n<p class=\"Formatvorlage10ptLinks095cm\">\n","protected":false},"excerpt":{"rendered":"<p>Schon zum achten Mal ist die MPA Berufs- und Handelsschule an den next-step Berufs- und Bildungstagen (23.\/24. September 2022) mit dabei. Die <a class=\"read-more\" href=\"https:\/\/www.mpaschule.ch\/index.php\/next-step-berufs-und-bildungstage-vom-23-24-september-2022\/\">weiterlesen<\/a><\/p>\n","protected":false},"author":2,"featured_media":7180,"comment_status":"open","ping_status":"open","sticky":false,"template":"","format":"standard","meta":{"_acf_changed":false,"footnotes":""},"categories":[1,15,16],"tags":[],"class_list":["post-7158","post","type-post","status-publish","format-standard","has-post-thumbnail","hentry","category-news","category-ausstellungen-und-messen","category-galerie"],"acf":[],"yoast_head":"<!-- This site is optimized with the Yoast SEO plugin v27.3 - https:\/\/yoast.com\/product\/yoast-seo-wordpress\/ -->\r\n<title>next-step Berufs- und Bildungstage 2022 - MPA Berufs- und Handelsschule Buchs<\/title>\r\n<meta name=\"robots\" content=\"index, follow, max-snippet:-1, max-image-preview:large, max-video-preview:-1\" \/>\r\n<link rel=\"canonical\" href=\"https:\/\/www.mpaschule.ch\/index.php\/next-step-berufs-und-bildungstage-vom-23-24-september-2022\/\" \/>\r\n<meta property=\"og:locale\" content=\"de_DE\" \/>\r\n<meta property=\"og:type\" content=\"article\" \/>\r\n<meta property=\"og:title\" content=\"next-step Berufs- und Bildungstage 2022 - MPA Berufs- und Handelsschule Buchs\" \/>\r\n<meta property=\"og:description\" content=\"Schon zum achten Mal ist die MPA Berufs- und Handelsschule an den next-step Berufs- und Bildungstagen (23.\/24. September 2022) mit dabei. Die weiterlesen\" \/>\r\n<meta property=\"og:url\" content=\"https:\/\/www.mpaschule.ch\/index.php\/next-step-berufs-und-bildungstage-vom-23-24-september-2022\/\" \/>\r\n<meta property=\"og:site_name\" content=\"MPA Berufs- und Handelsschule Buchs\" \/>\r\n<meta property=\"article:publisher\" content=\"https:\/\/www.facebook.com\/people\/MPA-Berufs-und-Handelsschule\/61575351655872\/\" \/>\r\n<meta property=\"article:published_time\" content=\"2022-10-03T07:35:04+00:00\" \/>\r\n<meta property=\"article:modified_time\" content=\"2022-11-15T09:57:58+00:00\" \/>\r\n<meta property=\"og:image\" content=\"https:\/\/www.mpaschule.ch\/wp-content\/uploads\/2022\/11\/DSC_0351.jpg\" \/>\r\n\t<meta property=\"og:image:width\" content=\"1000\" \/>\r\n\t<meta property=\"og:image:height\" content=\"669\" \/>\r\n\t<meta property=\"og:image:type\" content=\"image\/jpeg\" \/>\r\n<meta name=\"author\" content=\"Marianna Von K\u00e4nel\" \/>\r\n<meta name=\"twitter:card\" content=\"summary_large_image\" \/>\r\n<meta name=\"twitter:label1\" content=\"Verfasst von\" \/>\n\t<meta name=\"twitter:data1\" content=\"Marianna Von K\u00e4nel\" \/>\r\n<script type=\"application\/ld+json\" class=\"yoast-schema-graph\">{\"@context\":\"https:\\\/\\\/schema.org\",\"@graph\":[{\"@type\":\"Article\",\"@id\":\"https:\\\/\\\/www.mpaschule.ch\\\/index.php\\\/next-step-berufs-und-bildungstage-vom-23-24-september-2022\\\/#article\",\"isPartOf\":{\"@id\":\"https:\\\/\\\/www.mpaschule.ch\\\/index.php\\\/next-step-berufs-und-bildungstage-vom-23-24-september-2022\\\/\"},\"author\":{\"name\":\"Marianna Von K\u00e4nel\",\"@id\":\"https:\\\/\\\/www.mpaschule.ch\\\/#\\\/schema\\\/person\\\/d4a5648d729212d02da1ef9efd92be12\"},\"headline\":\"next-step Berufs- und Bildungstage 2022\",\"datePublished\":\"2022-10-03T07:35:04+00:00\",\"dateModified\":\"2022-11-15T09:57:58+00:00\",\"mainEntityOfPage\":{\"@id\":\"https:\\\/\\\/www.mpaschule.ch\\\/index.php\\\/next-step-berufs-und-bildungstage-vom-23-24-september-2022\\\/\"},\"wordCount\":71,\"commentCount\":0,\"publisher\":{\"@id\":\"https:\\\/\\\/www.mpaschule.ch\\\/#organization\"},\"image\":{\"@id\":\"https:\\\/\\\/www.mpaschule.ch\\\/index.php\\\/next-step-berufs-und-bildungstage-vom-23-24-september-2022\\\/#primaryimage\"},\"thumbnailUrl\":\"https:\\\/\\\/www.mpaschule.ch\\\/wp-content\\\/uploads\\\/2022\\\/11\\\/DSC_0351.jpg\",\"articleSection\":[\"Aktuelles\",\"Berufs-Ausstellungen\\\/Messen\",\"Bildergalerie\"],\"inLanguage\":\"de\",\"potentialAction\":[{\"@type\":\"CommentAction\",\"name\":\"Comment\",\"target\":[\"https:\\\/\\\/www.mpaschule.ch\\\/index.php\\\/next-step-berufs-und-bildungstage-vom-23-24-september-2022\\\/#respond\"]}]},{\"@type\":\"WebPage\",\"@id\":\"https:\\\/\\\/www.mpaschule.ch\\\/index.php\\\/next-step-berufs-und-bildungstage-vom-23-24-september-2022\\\/\",\"url\":\"https:\\\/\\\/www.mpaschule.ch\\\/index.php\\\/next-step-berufs-und-bildungstage-vom-23-24-september-2022\\\/\",\"name\":\"next-step Berufs- und Bildungstage 2022 - MPA Berufs- und Handelsschule Buchs\",\"isPartOf\":{\"@id\":\"https:\\\/\\\/www.mpaschule.ch\\\/#website\"},\"primaryImageOfPage\":{\"@id\":\"https:\\\/\\\/www.mpaschule.ch\\\/index.php\\\/next-step-berufs-und-bildungstage-vom-23-24-september-2022\\\/#primaryimage\"},\"image\":{\"@id\":\"https:\\\/\\\/www.mpaschule.ch\\\/index.php\\\/next-step-berufs-und-bildungstage-vom-23-24-september-2022\\\/#primaryimage\"},\"thumbnailUrl\":\"https:\\\/\\\/www.mpaschule.ch\\\/wp-content\\\/uploads\\\/2022\\\/11\\\/DSC_0351.jpg\",\"datePublished\":\"2022-10-03T07:35:04+00:00\",\"dateModified\":\"2022-11-15T09:57:58+00:00\",\"breadcrumb\":{\"@id\":\"https:\\\/\\\/www.mpaschule.ch\\\/index.php\\\/next-step-berufs-und-bildungstage-vom-23-24-september-2022\\\/#breadcrumb\"},\"inLanguage\":\"de\",\"potentialAction\":[{\"@type\":\"ReadAction\",\"target\":[\"https:\\\/\\\/www.mpaschule.ch\\\/index.php\\\/next-step-berufs-und-bildungstage-vom-23-24-september-2022\\\/\"]}]},{\"@type\":\"ImageObject\",\"inLanguage\":\"de\",\"@id\":\"https:\\\/\\\/www.mpaschule.ch\\\/index.php\\\/next-step-berufs-und-bildungstage-vom-23-24-september-2022\\\/#primaryimage\",\"url\":\"https:\\\/\\\/www.mpaschule.ch\\\/wp-content\\\/uploads\\\/2022\\\/11\\\/DSC_0351.jpg\",\"contentUrl\":\"https:\\\/\\\/www.mpaschule.ch\\\/wp-content\\\/uploads\\\/2022\\\/11\\\/DSC_0351.jpg\",\"width\":1000,\"height\":669},{\"@type\":\"BreadcrumbList\",\"@id\":\"https:\\\/\\\/www.mpaschule.ch\\\/index.php\\\/next-step-berufs-und-bildungstage-vom-23-24-september-2022\\\/#breadcrumb\",\"itemListElement\":[{\"@type\":\"ListItem\",\"position\":1,\"name\":\"Start\",\"item\":\"https:\\\/\\\/www.mpaschule.ch\\\/\"},{\"@type\":\"ListItem\",\"position\":2,\"name\":\"next-step Berufs- und Bildungstage 2022\"}]},{\"@type\":\"WebSite\",\"@id\":\"https:\\\/\\\/www.mpaschule.ch\\\/#website\",\"url\":\"https:\\\/\\\/www.mpaschule.ch\\\/\",\"name\":\"MPA Berufs- und Handelsschule Buchs\",\"description\":\"MPA EFZ, KV EFZ, MPK klinische Richtung, MPK praxisleitende Richtung, Handelsdiplom VSH, B\u00fcrofachdiplom VSH, Medizinische Praxisassistentin\\\/Medizinischer Praxisassistent EFZ, Medizinische Sekret\u00e4rin H+\\\/Arztsekret\u00e4rin\",\"publisher\":{\"@id\":\"https:\\\/\\\/www.mpaschule.ch\\\/#organization\"},\"potentialAction\":[{\"@type\":\"SearchAction\",\"target\":{\"@type\":\"EntryPoint\",\"urlTemplate\":\"https:\\\/\\\/www.mpaschule.ch\\\/?s={search_term_string}\"},\"query-input\":{\"@type\":\"PropertyValueSpecification\",\"valueRequired\":true,\"valueName\":\"search_term_string\"}}],\"inLanguage\":\"de\"},{\"@type\":\"Organization\",\"@id\":\"https:\\\/\\\/www.mpaschule.ch\\\/#organization\",\"name\":\"MPA Berufs- und Handelsschule Buchs\",\"url\":\"https:\\\/\\\/www.mpaschule.ch\\\/\",\"logo\":{\"@type\":\"ImageObject\",\"inLanguage\":\"de\",\"@id\":\"https:\\\/\\\/www.mpaschule.ch\\\/#\\\/schema\\\/logo\\\/image\\\/\",\"url\":\"https:\\\/\\\/www.mpaschule.ch\\\/wp-content\\\/uploads\\\/2025\\\/12\\\/Logo_gross_WeissHintergrund.png\",\"contentUrl\":\"https:\\\/\\\/www.mpaschule.ch\\\/wp-content\\\/uploads\\\/2025\\\/12\\\/Logo_gross_WeissHintergrund.png\",\"width\":1902,\"height\":2007,\"caption\":\"MPA Berufs- und Handelsschule Buchs\"},\"image\":{\"@id\":\"https:\\\/\\\/www.mpaschule.ch\\\/#\\\/schema\\\/logo\\\/image\\\/\"},\"sameAs\":[\"https:\\\/\\\/www.facebook.com\\\/people\\\/MPA-Berufs-und-Handelsschule\\\/61575351655872\\\/\",\"https:\\\/\\\/www.instagram.com\\\/mpaschule\\\/\",\"https:\\\/\\\/www.youtube.com\\\/@mpaschule-buchs\"]},{\"@type\":\"Person\",\"@id\":\"https:\\\/\\\/www.mpaschule.ch\\\/#\\\/schema\\\/person\\\/d4a5648d729212d02da1ef9efd92be12\",\"name\":\"Marianna Von K\u00e4nel\",\"image\":{\"@type\":\"ImageObject\",\"inLanguage\":\"de\",\"@id\":\"https:\\\/\\\/secure.gravatar.com\\\/avatar\\\/106bcc06bf950ea9642ed192ef4d2711d1f772ec46e5694d761fd1e38b7a02a9?s=96&d=mm&r=g\",\"url\":\"https:\\\/\\\/secure.gravatar.com\\\/avatar\\\/106bcc06bf950ea9642ed192ef4d2711d1f772ec46e5694d761fd1e38b7a02a9?s=96&d=mm&r=g\",\"contentUrl\":\"https:\\\/\\\/secure.gravatar.com\\\/avatar\\\/106bcc06bf950ea9642ed192ef4d2711d1f772ec46e5694d761fd1e38b7a02a9?s=96&d=mm&r=g\",\"caption\":\"Marianna Von K\u00e4nel\"},\"url\":\"https:\\\/\\\/www.mpaschule.ch\\\/index.php\\\/author\\\/mpaschule\\\/\"}]}<\/script>\r\n<!-- \/ Yoast SEO plugin. -->","yoast_head_json":{"title":"next-step Berufs- und Bildungstage 2022 - MPA Berufs- und Handelsschule Buchs","robots":{"index":"index","follow":"follow","max-snippet":"max-snippet:-1","max-image-preview":"max-image-preview:large","max-video-preview":"max-video-preview:-1"},"canonical":"https:\/\/www.mpaschule.ch\/index.php\/next-step-berufs-und-bildungstage-vom-23-24-september-2022\/","og_locale":"de_DE","og_type":"article","og_title":"next-step Berufs- und Bildungstage 2022 - MPA Berufs- und Handelsschule Buchs","og_description":"Schon zum achten Mal ist die MPA Berufs- und Handelsschule an den next-step Berufs- und Bildungstagen (23.\/24. September 2022) mit dabei. Die weiterlesen","og_url":"https:\/\/www.mpaschule.ch\/index.php\/next-step-berufs-und-bildungstage-vom-23-24-september-2022\/","og_site_name":"MPA Berufs- und Handelsschule Buchs","article_publisher":"https:\/\/www.facebook.com\/people\/MPA-Berufs-und-Handelsschule\/61575351655872\/","article_published_time":"2022-10-03T07:35:04+00:00","article_modified_time":"2022-11-15T09:57:58+00:00","og_image":[{"width":1000,"height":669,"url":"https:\/\/www.mpaschule.ch\/wp-content\/uploads\/2022\/11\/DSC_0351.jpg","type":"image\/jpeg"}],"author":"Marianna Von K\u00e4nel","twitter_card":"summary_large_image","twitter_misc":{"Verfasst von":"Marianna Von K\u00e4nel"},"schema":{"@context":"https:\/\/schema.org","@graph":[{"@type":"Article","@id":"https:\/\/www.mpaschule.ch\/index.php\/next-step-berufs-und-bildungstage-vom-23-24-september-2022\/#article","isPartOf":{"@id":"https:\/\/www.mpaschule.ch\/index.php\/next-step-berufs-und-bildungstage-vom-23-24-september-2022\/"},"author":{"name":"Marianna Von K\u00e4nel","@id":"https:\/\/www.mpaschule.ch\/#\/schema\/person\/d4a5648d729212d02da1ef9efd92be12"},"headline":"next-step Berufs- und Bildungstage 2022","datePublished":"2022-10-03T07:35:04+00:00","dateModified":"2022-11-15T09:57:58+00:00","mainEntityOfPage":{"@id":"https:\/\/www.mpaschule.ch\/index.php\/next-step-berufs-und-bildungstage-vom-23-24-september-2022\/"},"wordCount":71,"commentCount":0,"publisher":{"@id":"https:\/\/www.mpaschule.ch\/#organization"},"image":{"@id":"https:\/\/www.mpaschule.ch\/index.php\/next-step-berufs-und-bildungstage-vom-23-24-september-2022\/#primaryimage"},"thumbnailUrl":"https:\/\/www.mpaschule.ch\/wp-content\/uploads\/2022\/11\/DSC_0351.jpg","articleSection":["Aktuelles","Berufs-Ausstellungen\/Messen","Bildergalerie"],"inLanguage":"de","potentialAction":[{"@type":"CommentAction","name":"Comment","target":["https:\/\/www.mpaschule.ch\/index.php\/next-step-berufs-und-bildungstage-vom-23-24-september-2022\/#respond"]}]},{"@type":"WebPage","@id":"https:\/\/www.mpaschule.ch\/index.php\/next-step-berufs-und-bildungstage-vom-23-24-september-2022\/","url":"https:\/\/www.mpaschule.ch\/index.php\/next-step-berufs-und-bildungstage-vom-23-24-september-2022\/","name":"next-step Berufs- und Bildungstage 2022 - MPA Berufs- und Handelsschule Buchs","isPartOf":{"@id":"https:\/\/www.mpaschule.ch\/#website"},"primaryImageOfPage":{"@id":"https:\/\/www.mpaschule.ch\/index.php\/next-step-berufs-und-bildungstage-vom-23-24-september-2022\/#primaryimage"},"image":{"@id":"https:\/\/www.mpaschule.ch\/index.php\/next-step-berufs-und-bildungstage-vom-23-24-september-2022\/#primaryimage"},"thumbnailUrl":"https:\/\/www.mpaschule.ch\/wp-content\/uploads\/2022\/11\/DSC_0351.jpg","datePublished":"2022-10-03T07:35:04+00:00","dateModified":"2022-11-15T09:57:58+00:00","breadcrumb":{"@id":"https:\/\/www.mpaschule.ch\/index.php\/next-step-berufs-und-bildungstage-vom-23-24-september-2022\/#breadcrumb"},"inLanguage":"de","potentialAction":[{"@type":"ReadAction","target":["https:\/\/www.mpaschule.ch\/index.php\/next-step-berufs-und-bildungstage-vom-23-24-september-2022\/"]}]},{"@type":"ImageObject","inLanguage":"de","@id":"https:\/\/www.mpaschule.ch\/index.php\/next-step-berufs-und-bildungstage-vom-23-24-september-2022\/#primaryimage","url":"https:\/\/www.mpaschule.ch\/wp-content\/uploads\/2022\/11\/DSC_0351.jpg","contentUrl":"https:\/\/www.mpaschule.ch\/wp-content\/uploads\/2022\/11\/DSC_0351.jpg","width":1000,"height":669},{"@type":"BreadcrumbList","@id":"https:\/\/www.mpaschule.ch\/index.php\/next-step-berufs-und-bildungstage-vom-23-24-september-2022\/#breadcrumb","itemListElement":[{"@type":"ListItem","position":1,"name":"Start","item":"https:\/\/www.mpaschule.ch\/"},{"@type":"ListItem","position":2,"name":"next-step Berufs- und Bildungstage 2022"}]},{"@type":"WebSite","@id":"https:\/\/www.mpaschule.ch\/#website","url":"https:\/\/www.mpaschule.ch\/","name":"MPA Berufs- und Handelsschule Buchs","description":"MPA EFZ, KV EFZ, MPK klinische Richtung, MPK praxisleitende Richtung, Handelsdiplom VSH, B\u00fcrofachdiplom VSH, Medizinische Praxisassistentin\/Medizinischer Praxisassistent EFZ, Medizinische Sekret\u00e4rin H+\/Arztsekret\u00e4rin","publisher":{"@id":"https:\/\/www.mpaschule.ch\/#organization"},"potentialAction":[{"@type":"SearchAction","target":{"@type":"EntryPoint","urlTemplate":"https:\/\/www.mpaschule.ch\/?s={search_term_string}"},"query-input":{"@type":"PropertyValueSpecification","valueRequired":true,"valueName":"search_term_string"}}],"inLanguage":"de"},{"@type":"Organization","@id":"https:\/\/www.mpaschule.ch\/#organization","name":"MPA Berufs- und Handelsschule Buchs","url":"https:\/\/www.mpaschule.ch\/","logo":{"@type":"ImageObject","inLanguage":"de","@id":"https:\/\/www.mpaschule.ch\/#\/schema\/logo\/image\/","url":"https:\/\/www.mpaschule.ch\/wp-content\/uploads\/2025\/12\/Logo_gross_WeissHintergrund.png","contentUrl":"https:\/\/www.mpaschule.ch\/wp-content\/uploads\/2025\/12\/Logo_gross_WeissHintergrund.png","width":1902,"height":2007,"caption":"MPA Berufs- und Handelsschule Buchs"},"image":{"@id":"https:\/\/www.mpaschule.ch\/#\/schema\/logo\/image\/"},"sameAs":["https:\/\/www.facebook.com\/people\/MPA-Berufs-und-Handelsschule\/61575351655872\/","https:\/\/www.instagram.com\/mpaschule\/","https:\/\/www.youtube.com\/@mpaschule-buchs"]},{"@type":"Person","@id":"https:\/\/www.mpaschule.ch\/#\/schema\/person\/d4a5648d729212d02da1ef9efd92be12","name":"Marianna Von K\u00e4nel","image":{"@type":"ImageObject","inLanguage":"de","@id":"https:\/\/secure.gravatar.com\/avatar\/106bcc06bf950ea9642ed192ef4d2711d1f772ec46e5694d761fd1e38b7a02a9?s=96&d=mm&r=g","url":"https:\/\/secure.gravatar.com\/avatar\/106bcc06bf950ea9642ed192ef4d2711d1f772ec46e5694d761fd1e38b7a02a9?s=96&d=mm&r=g","contentUrl":"https:\/\/secure.gravatar.com\/avatar\/106bcc06bf950ea9642ed192ef4d2711d1f772ec46e5694d761fd1e38b7a02a9?s=96&d=mm&r=g","caption":"Marianna Von K\u00e4nel"},"url":"https:\/\/www.mpaschule.ch\/index.php\/author\/mpaschule\/"}]}},"_links":{"self":[{"href":"https:\/\/www.mpaschule.ch\/index.php\/wp-json\/wp\/v2\/posts\/7158","targetHints":{"allow":["GET"]}}],"collection":[{"href":"https:\/\/www.mpaschule.ch\/index.php\/wp-json\/wp\/v2\/posts"}],"about":[{"href":"https:\/\/www.mpaschule.ch\/index.php\/wp-json\/wp\/v2\/types\/post"}],"author":[{"embeddable":true,"href":"https:\/\/www.mpaschule.ch\/index.php\/wp-json\/wp\/v2\/users\/2"}],"replies":[{"embeddable":true,"href":"https:\/\/www.mpaschule.ch\/index.php\/wp-json\/wp\/v2\/comments?post=7158"}],"version-history":[{"count":4,"href":"https:\/\/www.mpaschule.ch\/index.php\/wp-json\/wp\/v2\/posts\/7158\/revisions"}],"predecessor-version":[{"id":7188,"href":"https:\/\/www.mpaschule.ch\/index.php\/wp-json\/wp\/v2\/posts\/7158\/revisions\/7188"}],"wp:featuredmedia":[{"embeddable":true,"href":"https:\/\/www.mpaschule.ch\/index.php\/wp-json\/wp\/v2\/media\/7180"}],"wp:attachment":[{"href":"https:\/\/www.mpaschule.ch\/index.php\/wp-json\/wp\/v2\/media?parent=7158"}],"wp:term":[{"taxonomy":"category","embeddable":true,"href":"https:\/\/www.mpaschule.ch\/index.php\/wp-json\/wp\/v2\/categories?post=7158"},{"taxonomy":"post_tag","embeddable":true,"href":"https:\/\/www.mpaschule.ch\/index.php\/wp-json\/wp\/v2\/tags?post=7158"}],"curies":[{"name":"wp","href":"https:\/\/api.w.org\/{rel}","templated":true}]}}