{"id":6574,"date":"2021-09-25T09:12:58","date_gmt":"2021-09-25T07:12:58","guid":{"rendered":"https:\/\/www.mpaschule.ch\/?p=6574"},"modified":"2021-12-02T09:41:52","modified_gmt":"2021-12-02T08:41:52","slug":"next-step-berufs-und-bildungstage-2021","status":"publish","type":"post","link":"https:\/\/www.mpaschule.ch\/index.php\/next-step-berufs-und-bildungstage-2021\/","title":{"rendered":"next-step Berufs- und Bildungstage 2021"},"content":{"rendered":"<p>Am 24.\/25. September 2021 waren wir auch dieses Jahr wieder an den next-step-Bildungstagen dabei.<\/p>\n<p>Gerade jetzt w\u00e4hrend der wirtschaftlich angespannten Situation war es wichtig, den Jugendlichen Zukunftsperspektiven aufzuzeigen und sie f\u00fcr weitere Schritte \u2013 next steps \u2013 zu motivieren. Ein erlebnisreicher Gang durch den SAL: Besonders sch\u00e4tzten die Sch\u00fclerinnen und Sch\u00fcler, dass sie selber eine der vielen T\u00e4tigkeiten einer\/eines Med. Praxisassistentin\/Med. Praxisassistenten ausf\u00fchren durften.<\/p>\n","protected":false},"excerpt":{"rendered":"<p>Am 24.\/25. September 2021 waren wir auch dieses Jahr wieder an den next-step-Bildungstagen dabei. Gerade jetzt w\u00e4hrend der wirtschaftlich angespannten Situation war <a class=\"read-more\" href=\"https:\/\/www.mpaschule.ch\/index.php\/next-step-berufs-und-bildungstage-2021\/\">weiterlesen<\/a><\/p>\n","protected":false},"author":2,"featured_media":6585,"comment_status":"open","ping_status":"open","sticky":false,"template":"","format":"standard","meta":{"_acf_changed":false,"footnotes":""},"categories":[1,15,16],"tags":[],"class_list":["post-6574","post","type-post","status-publish","format-standard","has-post-thumbnail","hentry","category-news","category-ausstellungen-und-messen","category-galerie"],"acf":[],"yoast_head":"<!-- This site is optimized with the Yoast SEO plugin v27.3 - https:\/\/yoast.com\/product\/yoast-seo-wordpress\/ -->\r\n<title>next-step Berufs- und Bildungstage 2021 - MPA Berufs- und Handelsschule Buchs<\/title>\r\n<meta name=\"robots\" content=\"index, follow, max-snippet:-1, max-image-preview:large, max-video-preview:-1\" \/>\r\n<link rel=\"canonical\" href=\"https:\/\/www.mpaschule.ch\/index.php\/next-step-berufs-und-bildungstage-2021\/\" \/>\r\n<meta property=\"og:locale\" content=\"de_DE\" \/>\r\n<meta property=\"og:type\" content=\"article\" \/>\r\n<meta property=\"og:title\" content=\"next-step Berufs- und Bildungstage 2021 - MPA Berufs- und Handelsschule Buchs\" \/>\r\n<meta property=\"og:description\" content=\"Am 24.\/25. September 2021 waren wir auch dieses Jahr wieder an den next-step-Bildungstagen dabei. Gerade jetzt w\u00e4hrend der wirtschaftlich angespannten Situation war weiterlesen\" \/>\r\n<meta property=\"og:url\" content=\"https:\/\/www.mpaschule.ch\/index.php\/next-step-berufs-und-bildungstage-2021\/\" \/>\r\n<meta property=\"og:site_name\" content=\"MPA Berufs- und Handelsschule Buchs\" \/>\r\n<meta property=\"article:publisher\" content=\"https:\/\/www.facebook.com\/people\/MPA-Berufs-und-Handelsschule\/61575351655872\/\" \/>\r\n<meta property=\"article:published_time\" content=\"2021-09-25T07:12:58+00:00\" \/>\r\n<meta property=\"article:modified_time\" content=\"2021-12-02T08:41:52+00:00\" \/>\r\n<meta property=\"og:image\" content=\"https:\/\/www.mpaschule.ch\/wp-content\/uploads\/2021\/12\/DSC_0217.jpg\" \/>\r\n\t<meta property=\"og:image:width\" content=\"1000\" \/>\r\n\t<meta property=\"og:image:height\" content=\"669\" \/>\r\n\t<meta property=\"og:image:type\" content=\"image\/jpeg\" \/>\r\n<meta name=\"author\" content=\"Marianna Von K\u00e4nel\" \/>\r\n<meta name=\"twitter:card\" content=\"summary_large_image\" \/>\r\n<meta name=\"twitter:label1\" content=\"Verfasst von\" \/>\n\t<meta name=\"twitter:data1\" content=\"Marianna Von K\u00e4nel\" \/>\r\n<script type=\"application\/ld+json\" class=\"yoast-schema-graph\">{\"@context\":\"https:\\\/\\\/schema.org\",\"@graph\":[{\"@type\":\"Article\",\"@id\":\"https:\\\/\\\/www.mpaschule.ch\\\/index.php\\\/next-step-berufs-und-bildungstage-2021\\\/#article\",\"isPartOf\":{\"@id\":\"https:\\\/\\\/www.mpaschule.ch\\\/index.php\\\/next-step-berufs-und-bildungstage-2021\\\/\"},\"author\":{\"name\":\"Marianna Von K\u00e4nel\",\"@id\":\"https:\\\/\\\/www.mpaschule.ch\\\/#\\\/schema\\\/person\\\/d4a5648d729212d02da1ef9efd92be12\"},\"headline\":\"next-step Berufs- und Bildungstage 2021\",\"datePublished\":\"2021-09-25T07:12:58+00:00\",\"dateModified\":\"2021-12-02T08:41:52+00:00\",\"mainEntityOfPage\":{\"@id\":\"https:\\\/\\\/www.mpaschule.ch\\\/index.php\\\/next-step-berufs-und-bildungstage-2021\\\/\"},\"wordCount\":73,\"commentCount\":0,\"publisher\":{\"@id\":\"https:\\\/\\\/www.mpaschule.ch\\\/#organization\"},\"image\":{\"@id\":\"https:\\\/\\\/www.mpaschule.ch\\\/index.php\\\/next-step-berufs-und-bildungstage-2021\\\/#primaryimage\"},\"thumbnailUrl\":\"https:\\\/\\\/www.mpaschule.ch\\\/wp-content\\\/uploads\\\/2021\\\/12\\\/DSC_0217.jpg\",\"articleSection\":[\"Aktuelles\",\"Berufs-Ausstellungen\\\/Messen\",\"Bildergalerie\"],\"inLanguage\":\"de\",\"potentialAction\":[{\"@type\":\"CommentAction\",\"name\":\"Comment\",\"target\":[\"https:\\\/\\\/www.mpaschule.ch\\\/index.php\\\/next-step-berufs-und-bildungstage-2021\\\/#respond\"]}]},{\"@type\":\"WebPage\",\"@id\":\"https:\\\/\\\/www.mpaschule.ch\\\/index.php\\\/next-step-berufs-und-bildungstage-2021\\\/\",\"url\":\"https:\\\/\\\/www.mpaschule.ch\\\/index.php\\\/next-step-berufs-und-bildungstage-2021\\\/\",\"name\":\"next-step Berufs- und Bildungstage 2021 - MPA Berufs- und Handelsschule Buchs\",\"isPartOf\":{\"@id\":\"https:\\\/\\\/www.mpaschule.ch\\\/#website\"},\"primaryImageOfPage\":{\"@id\":\"https:\\\/\\\/www.mpaschule.ch\\\/index.php\\\/next-step-berufs-und-bildungstage-2021\\\/#primaryimage\"},\"image\":{\"@id\":\"https:\\\/\\\/www.mpaschule.ch\\\/index.php\\\/next-step-berufs-und-bildungstage-2021\\\/#primaryimage\"},\"thumbnailUrl\":\"https:\\\/\\\/www.mpaschule.ch\\\/wp-content\\\/uploads\\\/2021\\\/12\\\/DSC_0217.jpg\",\"datePublished\":\"2021-09-25T07:12:58+00:00\",\"dateModified\":\"2021-12-02T08:41:52+00:00\",\"breadcrumb\":{\"@id\":\"https:\\\/\\\/www.mpaschule.ch\\\/index.php\\\/next-step-berufs-und-bildungstage-2021\\\/#breadcrumb\"},\"inLanguage\":\"de\",\"potentialAction\":[{\"@type\":\"ReadAction\",\"target\":[\"https:\\\/\\\/www.mpaschule.ch\\\/index.php\\\/next-step-berufs-und-bildungstage-2021\\\/\"]}]},{\"@type\":\"ImageObject\",\"inLanguage\":\"de\",\"@id\":\"https:\\\/\\\/www.mpaschule.ch\\\/index.php\\\/next-step-berufs-und-bildungstage-2021\\\/#primaryimage\",\"url\":\"https:\\\/\\\/www.mpaschule.ch\\\/wp-content\\\/uploads\\\/2021\\\/12\\\/DSC_0217.jpg\",\"contentUrl\":\"https:\\\/\\\/www.mpaschule.ch\\\/wp-content\\\/uploads\\\/2021\\\/12\\\/DSC_0217.jpg\",\"width\":1000,\"height\":669},{\"@type\":\"BreadcrumbList\",\"@id\":\"https:\\\/\\\/www.mpaschule.ch\\\/index.php\\\/next-step-berufs-und-bildungstage-2021\\\/#breadcrumb\",\"itemListElement\":[{\"@type\":\"ListItem\",\"position\":1,\"name\":\"Start\",\"item\":\"https:\\\/\\\/www.mpaschule.ch\\\/\"},{\"@type\":\"ListItem\",\"position\":2,\"name\":\"next-step Berufs- und Bildungstage 2021\"}]},{\"@type\":\"WebSite\",\"@id\":\"https:\\\/\\\/www.mpaschule.ch\\\/#website\",\"url\":\"https:\\\/\\\/www.mpaschule.ch\\\/\",\"name\":\"MPA Berufs- und Handelsschule Buchs\",\"description\":\"MPA EFZ, KV EFZ, MPK klinische Richtung, MPK praxisleitende Richtung, Handelsdiplom VSH, B\u00fcrofachdiplom VSH, Medizinische Praxisassistentin\\\/Medizinischer Praxisassistent EFZ, Medizinische Sekret\u00e4rin H+\\\/Arztsekret\u00e4rin\",\"publisher\":{\"@id\":\"https:\\\/\\\/www.mpaschule.ch\\\/#organization\"},\"potentialAction\":[{\"@type\":\"SearchAction\",\"target\":{\"@type\":\"EntryPoint\",\"urlTemplate\":\"https:\\\/\\\/www.mpaschule.ch\\\/?s={search_term_string}\"},\"query-input\":{\"@type\":\"PropertyValueSpecification\",\"valueRequired\":true,\"valueName\":\"search_term_string\"}}],\"inLanguage\":\"de\"},{\"@type\":\"Organization\",\"@id\":\"https:\\\/\\\/www.mpaschule.ch\\\/#organization\",\"name\":\"MPA Berufs- und Handelsschule Buchs\",\"url\":\"https:\\\/\\\/www.mpaschule.ch\\\/\",\"logo\":{\"@type\":\"ImageObject\",\"inLanguage\":\"de\",\"@id\":\"https:\\\/\\\/www.mpaschule.ch\\\/#\\\/schema\\\/logo\\\/image\\\/\",\"url\":\"https:\\\/\\\/www.mpaschule.ch\\\/wp-content\\\/uploads\\\/2025\\\/12\\\/Logo_gross_WeissHintergrund.png\",\"contentUrl\":\"https:\\\/\\\/www.mpaschule.ch\\\/wp-content\\\/uploads\\\/2025\\\/12\\\/Logo_gross_WeissHintergrund.png\",\"width\":1902,\"height\":2007,\"caption\":\"MPA Berufs- und Handelsschule Buchs\"},\"image\":{\"@id\":\"https:\\\/\\\/www.mpaschule.ch\\\/#\\\/schema\\\/logo\\\/image\\\/\"},\"sameAs\":[\"https:\\\/\\\/www.facebook.com\\\/people\\\/MPA-Berufs-und-Handelsschule\\\/61575351655872\\\/\",\"https:\\\/\\\/www.instagram.com\\\/mpaschule\\\/\",\"https:\\\/\\\/www.youtube.com\\\/@mpaschule-buchs\"]},{\"@type\":\"Person\",\"@id\":\"https:\\\/\\\/www.mpaschule.ch\\\/#\\\/schema\\\/person\\\/d4a5648d729212d02da1ef9efd92be12\",\"name\":\"Marianna Von K\u00e4nel\",\"image\":{\"@type\":\"ImageObject\",\"inLanguage\":\"de\",\"@id\":\"https:\\\/\\\/secure.gravatar.com\\\/avatar\\\/106bcc06bf950ea9642ed192ef4d2711d1f772ec46e5694d761fd1e38b7a02a9?s=96&d=mm&r=g\",\"url\":\"https:\\\/\\\/secure.gravatar.com\\\/avatar\\\/106bcc06bf950ea9642ed192ef4d2711d1f772ec46e5694d761fd1e38b7a02a9?s=96&d=mm&r=g\",\"contentUrl\":\"https:\\\/\\\/secure.gravatar.com\\\/avatar\\\/106bcc06bf950ea9642ed192ef4d2711d1f772ec46e5694d761fd1e38b7a02a9?s=96&d=mm&r=g\",\"caption\":\"Marianna Von K\u00e4nel\"},\"url\":\"https:\\\/\\\/www.mpaschule.ch\\\/index.php\\\/author\\\/mpaschule\\\/\"}]}<\/script>\r\n<!-- \/ Yoast SEO plugin. -->","yoast_head_json":{"title":"next-step Berufs- und Bildungstage 2021 - MPA Berufs- und Handelsschule Buchs","robots":{"index":"index","follow":"follow","max-snippet":"max-snippet:-1","max-image-preview":"max-image-preview:large","max-video-preview":"max-video-preview:-1"},"canonical":"https:\/\/www.mpaschule.ch\/index.php\/next-step-berufs-und-bildungstage-2021\/","og_locale":"de_DE","og_type":"article","og_title":"next-step Berufs- und Bildungstage 2021 - MPA Berufs- und Handelsschule Buchs","og_description":"Am 24.\/25. September 2021 waren wir auch dieses Jahr wieder an den next-step-Bildungstagen dabei. Gerade jetzt w\u00e4hrend der wirtschaftlich angespannten Situation war weiterlesen","og_url":"https:\/\/www.mpaschule.ch\/index.php\/next-step-berufs-und-bildungstage-2021\/","og_site_name":"MPA Berufs- und Handelsschule Buchs","article_publisher":"https:\/\/www.facebook.com\/people\/MPA-Berufs-und-Handelsschule\/61575351655872\/","article_published_time":"2021-09-25T07:12:58+00:00","article_modified_time":"2021-12-02T08:41:52+00:00","og_image":[{"width":1000,"height":669,"url":"https:\/\/www.mpaschule.ch\/wp-content\/uploads\/2021\/12\/DSC_0217.jpg","type":"image\/jpeg"}],"author":"Marianna Von K\u00e4nel","twitter_card":"summary_large_image","twitter_misc":{"Verfasst von":"Marianna Von K\u00e4nel"},"schema":{"@context":"https:\/\/schema.org","@graph":[{"@type":"Article","@id":"https:\/\/www.mpaschule.ch\/index.php\/next-step-berufs-und-bildungstage-2021\/#article","isPartOf":{"@id":"https:\/\/www.mpaschule.ch\/index.php\/next-step-berufs-und-bildungstage-2021\/"},"author":{"name":"Marianna Von K\u00e4nel","@id":"https:\/\/www.mpaschule.ch\/#\/schema\/person\/d4a5648d729212d02da1ef9efd92be12"},"headline":"next-step Berufs- und Bildungstage 2021","datePublished":"2021-09-25T07:12:58+00:00","dateModified":"2021-12-02T08:41:52+00:00","mainEntityOfPage":{"@id":"https:\/\/www.mpaschule.ch\/index.php\/next-step-berufs-und-bildungstage-2021\/"},"wordCount":73,"commentCount":0,"publisher":{"@id":"https:\/\/www.mpaschule.ch\/#organization"},"image":{"@id":"https:\/\/www.mpaschule.ch\/index.php\/next-step-berufs-und-bildungstage-2021\/#primaryimage"},"thumbnailUrl":"https:\/\/www.mpaschule.ch\/wp-content\/uploads\/2021\/12\/DSC_0217.jpg","articleSection":["Aktuelles","Berufs-Ausstellungen\/Messen","Bildergalerie"],"inLanguage":"de","potentialAction":[{"@type":"CommentAction","name":"Comment","target":["https:\/\/www.mpaschule.ch\/index.php\/next-step-berufs-und-bildungstage-2021\/#respond"]}]},{"@type":"WebPage","@id":"https:\/\/www.mpaschule.ch\/index.php\/next-step-berufs-und-bildungstage-2021\/","url":"https:\/\/www.mpaschule.ch\/index.php\/next-step-berufs-und-bildungstage-2021\/","name":"next-step Berufs- und Bildungstage 2021 - MPA Berufs- und Handelsschule Buchs","isPartOf":{"@id":"https:\/\/www.mpaschule.ch\/#website"},"primaryImageOfPage":{"@id":"https:\/\/www.mpaschule.ch\/index.php\/next-step-berufs-und-bildungstage-2021\/#primaryimage"},"image":{"@id":"https:\/\/www.mpaschule.ch\/index.php\/next-step-berufs-und-bildungstage-2021\/#primaryimage"},"thumbnailUrl":"https:\/\/www.mpaschule.ch\/wp-content\/uploads\/2021\/12\/DSC_0217.jpg","datePublished":"2021-09-25T07:12:58+00:00","dateModified":"2021-12-02T08:41:52+00:00","breadcrumb":{"@id":"https:\/\/www.mpaschule.ch\/index.php\/next-step-berufs-und-bildungstage-2021\/#breadcrumb"},"inLanguage":"de","potentialAction":[{"@type":"ReadAction","target":["https:\/\/www.mpaschule.ch\/index.php\/next-step-berufs-und-bildungstage-2021\/"]}]},{"@type":"ImageObject","inLanguage":"de","@id":"https:\/\/www.mpaschule.ch\/index.php\/next-step-berufs-und-bildungstage-2021\/#primaryimage","url":"https:\/\/www.mpaschule.ch\/wp-content\/uploads\/2021\/12\/DSC_0217.jpg","contentUrl":"https:\/\/www.mpaschule.ch\/wp-content\/uploads\/2021\/12\/DSC_0217.jpg","width":1000,"height":669},{"@type":"BreadcrumbList","@id":"https:\/\/www.mpaschule.ch\/index.php\/next-step-berufs-und-bildungstage-2021\/#breadcrumb","itemListElement":[{"@type":"ListItem","position":1,"name":"Start","item":"https:\/\/www.mpaschule.ch\/"},{"@type":"ListItem","position":2,"name":"next-step Berufs- und Bildungstage 2021"}]},{"@type":"WebSite","@id":"https:\/\/www.mpaschule.ch\/#website","url":"https:\/\/www.mpaschule.ch\/","name":"MPA Berufs- und Handelsschule Buchs","description":"MPA EFZ, KV EFZ, MPK klinische Richtung, MPK praxisleitende Richtung, Handelsdiplom VSH, B\u00fcrofachdiplom VSH, Medizinische Praxisassistentin\/Medizinischer Praxisassistent EFZ, Medizinische Sekret\u00e4rin H+\/Arztsekret\u00e4rin","publisher":{"@id":"https:\/\/www.mpaschule.ch\/#organization"},"potentialAction":[{"@type":"SearchAction","target":{"@type":"EntryPoint","urlTemplate":"https:\/\/www.mpaschule.ch\/?s={search_term_string}"},"query-input":{"@type":"PropertyValueSpecification","valueRequired":true,"valueName":"search_term_string"}}],"inLanguage":"de"},{"@type":"Organization","@id":"https:\/\/www.mpaschule.ch\/#organization","name":"MPA Berufs- und Handelsschule Buchs","url":"https:\/\/www.mpaschule.ch\/","logo":{"@type":"ImageObject","inLanguage":"de","@id":"https:\/\/www.mpaschule.ch\/#\/schema\/logo\/image\/","url":"https:\/\/www.mpaschule.ch\/wp-content\/uploads\/2025\/12\/Logo_gross_WeissHintergrund.png","contentUrl":"https:\/\/www.mpaschule.ch\/wp-content\/uploads\/2025\/12\/Logo_gross_WeissHintergrund.png","width":1902,"height":2007,"caption":"MPA Berufs- und Handelsschule Buchs"},"image":{"@id":"https:\/\/www.mpaschule.ch\/#\/schema\/logo\/image\/"},"sameAs":["https:\/\/www.facebook.com\/people\/MPA-Berufs-und-Handelsschule\/61575351655872\/","https:\/\/www.instagram.com\/mpaschule\/","https:\/\/www.youtube.com\/@mpaschule-buchs"]},{"@type":"Person","@id":"https:\/\/www.mpaschule.ch\/#\/schema\/person\/d4a5648d729212d02da1ef9efd92be12","name":"Marianna Von K\u00e4nel","image":{"@type":"ImageObject","inLanguage":"de","@id":"https:\/\/secure.gravatar.com\/avatar\/106bcc06bf950ea9642ed192ef4d2711d1f772ec46e5694d761fd1e38b7a02a9?s=96&d=mm&r=g","url":"https:\/\/secure.gravatar.com\/avatar\/106bcc06bf950ea9642ed192ef4d2711d1f772ec46e5694d761fd1e38b7a02a9?s=96&d=mm&r=g","contentUrl":"https:\/\/secure.gravatar.com\/avatar\/106bcc06bf950ea9642ed192ef4d2711d1f772ec46e5694d761fd1e38b7a02a9?s=96&d=mm&r=g","caption":"Marianna Von K\u00e4nel"},"url":"https:\/\/www.mpaschule.ch\/index.php\/author\/mpaschule\/"}]}},"_links":{"self":[{"href":"https:\/\/www.mpaschule.ch\/index.php\/wp-json\/wp\/v2\/posts\/6574","targetHints":{"allow":["GET"]}}],"collection":[{"href":"https:\/\/www.mpaschule.ch\/index.php\/wp-json\/wp\/v2\/posts"}],"about":[{"href":"https:\/\/www.mpaschule.ch\/index.php\/wp-json\/wp\/v2\/types\/post"}],"author":[{"embeddable":true,"href":"https:\/\/www.mpaschule.ch\/index.php\/wp-json\/wp\/v2\/users\/2"}],"replies":[{"embeddable":true,"href":"https:\/\/www.mpaschule.ch\/index.php\/wp-json\/wp\/v2\/comments?post=6574"}],"version-history":[{"count":3,"href":"https:\/\/www.mpaschule.ch\/index.php\/wp-json\/wp\/v2\/posts\/6574\/revisions"}],"predecessor-version":[{"id":6599,"href":"https:\/\/www.mpaschule.ch\/index.php\/wp-json\/wp\/v2\/posts\/6574\/revisions\/6599"}],"wp:featuredmedia":[{"embeddable":true,"href":"https:\/\/www.mpaschule.ch\/index.php\/wp-json\/wp\/v2\/media\/6585"}],"wp:attachment":[{"href":"https:\/\/www.mpaschule.ch\/index.php\/wp-json\/wp\/v2\/media?parent=6574"}],"wp:term":[{"taxonomy":"category","embeddable":true,"href":"https:\/\/www.mpaschule.ch\/index.php\/wp-json\/wp\/v2\/categories?post=6574"},{"taxonomy":"post_tag","embeddable":true,"href":"https:\/\/www.mpaschule.ch\/index.php\/wp-json\/wp\/v2\/tags?post=6574"}],"curies":[{"name":"wp","href":"https:\/\/api.w.org\/{rel}","templated":true}]}}