{"id":5740,"date":"2019-07-04T13:59:40","date_gmt":"2019-07-04T11:59:40","guid":{"rendered":"http:\/\/mpaschule.ch\/?p=5740"},"modified":"2019-07-05T16:21:02","modified_gmt":"2019-07-05T14:21:02","slug":"generation-z-otenrekord-bewusstseinswandel","status":"publish","type":"post","link":"https:\/\/www.mpaschule.ch\/index.php\/generation-z-otenrekord-bewusstseinswandel\/","title":{"rendered":"Generation Z &#8211; Notenrekord &#8211; Bewusstseinswandel"},"content":{"rendered":"<p><strong>Am 29.06.2019 feierten <\/strong><strong>im Forum im Ried in Landquart <\/strong><strong>42 Diplomandinnen und Diplomanden der MPA Berufs- und Handelsschule Buchs den erfolgreichen Berufsabschluss resp. Abschluss der berufsbegleitenden Weiterbildung.<\/strong><\/p>\n<p>Von den insgesamt <strong>42<\/strong> jungen Frauen und M\u00e4nnern erhielten <strong>18 <\/strong>Diplomandinnen das staatlich anerkannte <strong>F\u00e4higkeitszeugnis f\u00fcr Medizinische Praxisassistentinnen <\/strong>und <strong>10<\/strong> Diplomandinnen und Diplomanden das ebenfalls staatlich anerkannte <strong>F\u00e4higkeitszeugnis f\u00fcr Kaufleute Schulprofil\u00a0 B+E. 5 <\/strong>Damen erhielten nach 1-j\u00e4hriger berufsbegleitender Weiterbildung das Diplom <strong>\u201eMedizinische Sekret\u00e4rin H+\u201c<\/strong> und <strong>9<\/strong> das Diplom <strong>\u201eArztsekret\u00e4rin\u201c. <\/strong><strong>\u00a0<\/strong><\/p>\n<p>Die <strong>Direktorin Frau Ir\u00e8ne B\u00fcsser<\/strong> begl\u00fcckw\u00fcnschte die Diplomandinnen und Diplomanden zu ihrem erfolgreichen Abschluss. Sie freute sich besonders \u00fcber den <strong>100%-Pr\u00fcfungserfolg, <\/strong>vor allem aber \u00fcber <strong>zwei Notenrekorde<\/strong>, die von ein und derselben Person gehalten werden. Im Lehrgang \u201eMedizinische Praxisassistentin EFZ\u201c sei es erstens die h\u00f6chste je erzielte Note in der 22-j\u00e4hrigen Geschichte der MPA Berufs- und Handelsschule und zweitens sei es die <strong>H\u00f6chstnote im Kanton St. Gallen<\/strong>, n\u00e4mlich die <strong>Note 5.7<\/strong> \u2013 erzielt von <strong>Isabel Domenig, wohnhaft in Fr\u00fcmsen<\/strong>.<\/p>\n<p>In ihrer Rede sprach Frau B\u00fcsser \u00fcber die k\u00fcnftigen Herausforderungen ihrer Diplomandinnen und Diplomanden, n\u00e4mlich der Generation, die zwischen 1994 und 2010 geboren wurde. Sie seien mitten in der digitalen Welt aufgewachsen, in der es f\u00fcr alles nur noch ein Ger\u00e4t brauche \u2013 das Smartphone. Vermutlich seien viele Teil einer rund um die Uhr vernetzten Online Community; diese virtuellen Kontakte w\u00fcrden oft den gleichen Stellenwert einnehmen wie die pers\u00f6nlichen. Sie sei jedoch \u00fcberzeugt, dass diese Generation immer besser lernen werde, mit dieser Digitalisierung umzugehen und sie sinnvoll zu nutzen. Auch die pers\u00f6nlichen Freundschaften w\u00fcrden wieder mehr an Bedeutung gewinnen. Einer Umfrage zufolge mache sich diese Generation aber auch Sorgen um ihre eigene Zukunft.\u00a0 Der Gedanke, eine ruinierte Erde zu erben, beunruhige sie zunehmend.<\/p>\n<p>Die gute Botschaft von Frau B\u00fcsser lautete: \u201eEs ist ein Wandel im Bewusstsein der Menschen, vor allem auch der jungen, in vollem Gange.\u201c Viele bef\u00e4nden sich in einem sogenannten Prozess des geistigen Erwachens. Alles sei im Umbruch, die alten Strukturen k\u00f6nnten nicht mehr l\u00e4nger bestehen. Die Menschen w\u00fcrden zusehends ihre eigene Macht wieder erkennen und begreifen, dass sie Sch\u00f6pfer ihrer eigenen Realit\u00e4t seien. Es sei wichtig, sich neuen Gedanken zu \u00f6ffnen und einen neuen Blickwinkel einzunehmen. Gem\u00e4ss Albert Einstein gebe es keine Materie, alles sei Energie und alles sei miteinander verbunden, was doch wunderbar und beruhigend zugleich sei. Sie forderte die Diplomandinnen und Diplomanden auf, an ihre Sch\u00f6pferkraft zu glauben, sie zu entdecken und zu diesem fantastischen Bewusstseinswandel beizutragen &#8211; sie alle, wir alle, h\u00e4tten die Macht dazu.<\/p>\n<p>Beim anschliessenden Ap\u00e9ro feierten die Diplomandinnen und Diplomanden gemeinsam mit ihren Eltern, Freunden, ihren Berufsbildnerinnen und Berufsbildnern und der Lehrerschaft den erfolgreichen Berufsschulabschluss resp. den erfolgreichen Abschluss des Weiterbildungslehrgangs.<\/p>\n<p><a href=\"http:\/\/mpaschule.ch\/wp-content\/uploads\/2019\/07\/Pruefungserfolge_QV_2019.pdf\">Pr\u00fcfungserfolge 2019<\/a><\/p>\n","protected":false},"excerpt":{"rendered":"<p>Am 29.06.2019 feierten im Forum im Ried in Landquart 42 Diplomandinnen und Diplomanden der MPA Berufs- und Handelsschule Buchs den erfolgreichen Berufsabschluss <a class=\"read-more\" href=\"https:\/\/www.mpaschule.ch\/index.php\/generation-z-otenrekord-bewusstseinswandel\/\">weiterlesen<\/a><\/p>\n","protected":false},"author":2,"featured_media":5625,"comment_status":"open","ping_status":"open","sticky":false,"template":"","format":"standard","meta":{"_acf_changed":false,"footnotes":""},"categories":[1,16,8],"tags":[],"class_list":["post-5740","post","type-post","status-publish","format-standard","has-post-thumbnail","hentry","category-news","category-galerie","category-diplomfeier"],"acf":[],"yoast_head":"<!-- This site is optimized with the Yoast SEO plugin v27.3 - https:\/\/yoast.com\/product\/yoast-seo-wordpress\/ -->\r\n<title>Generation Z - Notenrekord - Bewusstseinswandel - MPA Berufs- und Handelsschule Buchs<\/title>\r\n<meta name=\"robots\" content=\"index, follow, max-snippet:-1, max-image-preview:large, max-video-preview:-1\" \/>\r\n<link rel=\"canonical\" href=\"https:\/\/www.mpaschule.ch\/index.php\/generation-z-otenrekord-bewusstseinswandel\/\" \/>\r\n<meta property=\"og:locale\" content=\"de_DE\" \/>\r\n<meta property=\"og:type\" content=\"article\" \/>\r\n<meta property=\"og:title\" content=\"Generation Z - Notenrekord - Bewusstseinswandel - MPA Berufs- und Handelsschule Buchs\" \/>\r\n<meta property=\"og:description\" content=\"Am 29.06.2019 feierten im Forum im Ried in Landquart 42 Diplomandinnen und Diplomanden der MPA Berufs- und Handelsschule Buchs den erfolgreichen Berufsabschluss weiterlesen\" \/>\r\n<meta property=\"og:url\" content=\"https:\/\/www.mpaschule.ch\/index.php\/generation-z-otenrekord-bewusstseinswandel\/\" \/>\r\n<meta property=\"og:site_name\" content=\"MPA Berufs- und Handelsschule Buchs\" \/>\r\n<meta property=\"article:publisher\" content=\"https:\/\/www.facebook.com\/people\/MPA-Berufs-und-Handelsschule\/61575351655872\/\" \/>\r\n<meta property=\"article:published_time\" content=\"2019-07-04T11:59:40+00:00\" \/>\r\n<meta property=\"article:modified_time\" content=\"2019-07-05T14:21:02+00:00\" \/>\r\n<meta property=\"og:image\" content=\"https:\/\/www.mpaschule.ch\/wp-content\/uploads\/2019\/07\/DSC_1198.jpg\" \/>\r\n\t<meta property=\"og:image:width\" content=\"1500\" \/>\r\n\t<meta property=\"og:image:height\" content=\"998\" \/>\r\n\t<meta property=\"og:image:type\" content=\"image\/jpeg\" \/>\r\n<meta name=\"author\" content=\"Marianna Von K\u00e4nel\" \/>\r\n<meta name=\"twitter:card\" content=\"summary_large_image\" \/>\r\n<meta name=\"twitter:label1\" content=\"Verfasst von\" \/>\n\t<meta name=\"twitter:data1\" content=\"Marianna Von K\u00e4nel\" \/>\n\t<meta name=\"twitter:label2\" content=\"Gesch\u00e4tzte Lesezeit\" \/>\n\t<meta name=\"twitter:data2\" content=\"2\u00a0Minuten\" \/>\r\n<script type=\"application\/ld+json\" class=\"yoast-schema-graph\">{\"@context\":\"https:\\\/\\\/schema.org\",\"@graph\":[{\"@type\":\"Article\",\"@id\":\"https:\\\/\\\/www.mpaschule.ch\\\/index.php\\\/generation-z-otenrekord-bewusstseinswandel\\\/#article\",\"isPartOf\":{\"@id\":\"https:\\\/\\\/www.mpaschule.ch\\\/index.php\\\/generation-z-otenrekord-bewusstseinswandel\\\/\"},\"author\":{\"name\":\"Marianna Von K\u00e4nel\",\"@id\":\"https:\\\/\\\/www.mpaschule.ch\\\/#\\\/schema\\\/person\\\/d4a5648d729212d02da1ef9efd92be12\"},\"headline\":\"Generation Z &#8211; Notenrekord &#8211; Bewusstseinswandel\",\"datePublished\":\"2019-07-04T11:59:40+00:00\",\"dateModified\":\"2019-07-05T14:21:02+00:00\",\"mainEntityOfPage\":{\"@id\":\"https:\\\/\\\/www.mpaschule.ch\\\/index.php\\\/generation-z-otenrekord-bewusstseinswandel\\\/\"},\"wordCount\":470,\"commentCount\":0,\"publisher\":{\"@id\":\"https:\\\/\\\/www.mpaschule.ch\\\/#organization\"},\"image\":{\"@id\":\"https:\\\/\\\/www.mpaschule.ch\\\/index.php\\\/generation-z-otenrekord-bewusstseinswandel\\\/#primaryimage\"},\"thumbnailUrl\":\"https:\\\/\\\/www.mpaschule.ch\\\/wp-content\\\/uploads\\\/2019\\\/07\\\/DSC_1198.jpg\",\"articleSection\":[\"Aktuelles\",\"Bildergalerie\",\"Diplomfeier\"],\"inLanguage\":\"de\",\"potentialAction\":[{\"@type\":\"CommentAction\",\"name\":\"Comment\",\"target\":[\"https:\\\/\\\/www.mpaschule.ch\\\/index.php\\\/generation-z-otenrekord-bewusstseinswandel\\\/#respond\"]}]},{\"@type\":\"WebPage\",\"@id\":\"https:\\\/\\\/www.mpaschule.ch\\\/index.php\\\/generation-z-otenrekord-bewusstseinswandel\\\/\",\"url\":\"https:\\\/\\\/www.mpaschule.ch\\\/index.php\\\/generation-z-otenrekord-bewusstseinswandel\\\/\",\"name\":\"Generation Z - Notenrekord - Bewusstseinswandel - MPA Berufs- und Handelsschule Buchs\",\"isPartOf\":{\"@id\":\"https:\\\/\\\/www.mpaschule.ch\\\/#website\"},\"primaryImageOfPage\":{\"@id\":\"https:\\\/\\\/www.mpaschule.ch\\\/index.php\\\/generation-z-otenrekord-bewusstseinswandel\\\/#primaryimage\"},\"image\":{\"@id\":\"https:\\\/\\\/www.mpaschule.ch\\\/index.php\\\/generation-z-otenrekord-bewusstseinswandel\\\/#primaryimage\"},\"thumbnailUrl\":\"https:\\\/\\\/www.mpaschule.ch\\\/wp-content\\\/uploads\\\/2019\\\/07\\\/DSC_1198.jpg\",\"datePublished\":\"2019-07-04T11:59:40+00:00\",\"dateModified\":\"2019-07-05T14:21:02+00:00\",\"breadcrumb\":{\"@id\":\"https:\\\/\\\/www.mpaschule.ch\\\/index.php\\\/generation-z-otenrekord-bewusstseinswandel\\\/#breadcrumb\"},\"inLanguage\":\"de\",\"potentialAction\":[{\"@type\":\"ReadAction\",\"target\":[\"https:\\\/\\\/www.mpaschule.ch\\\/index.php\\\/generation-z-otenrekord-bewusstseinswandel\\\/\"]}]},{\"@type\":\"ImageObject\",\"inLanguage\":\"de\",\"@id\":\"https:\\\/\\\/www.mpaschule.ch\\\/index.php\\\/generation-z-otenrekord-bewusstseinswandel\\\/#primaryimage\",\"url\":\"https:\\\/\\\/www.mpaschule.ch\\\/wp-content\\\/uploads\\\/2019\\\/07\\\/DSC_1198.jpg\",\"contentUrl\":\"https:\\\/\\\/www.mpaschule.ch\\\/wp-content\\\/uploads\\\/2019\\\/07\\\/DSC_1198.jpg\",\"width\":1500,\"height\":998},{\"@type\":\"BreadcrumbList\",\"@id\":\"https:\\\/\\\/www.mpaschule.ch\\\/index.php\\\/generation-z-otenrekord-bewusstseinswandel\\\/#breadcrumb\",\"itemListElement\":[{\"@type\":\"ListItem\",\"position\":1,\"name\":\"Start\",\"item\":\"https:\\\/\\\/www.mpaschule.ch\\\/\"},{\"@type\":\"ListItem\",\"position\":2,\"name\":\"Generation Z &#8211; Notenrekord &#8211; Bewusstseinswandel\"}]},{\"@type\":\"WebSite\",\"@id\":\"https:\\\/\\\/www.mpaschule.ch\\\/#website\",\"url\":\"https:\\\/\\\/www.mpaschule.ch\\\/\",\"name\":\"MPA Berufs- und Handelsschule Buchs\",\"description\":\"MPA EFZ, KV EFZ, MPK klinische Richtung, MPK praxisleitende Richtung, Handelsdiplom VSH, B\u00fcrofachdiplom VSH, Medizinische Praxisassistentin\\\/Medizinischer Praxisassistent EFZ, Medizinische Sekret\u00e4rin H+\\\/Arztsekret\u00e4rin\",\"publisher\":{\"@id\":\"https:\\\/\\\/www.mpaschule.ch\\\/#organization\"},\"potentialAction\":[{\"@type\":\"SearchAction\",\"target\":{\"@type\":\"EntryPoint\",\"urlTemplate\":\"https:\\\/\\\/www.mpaschule.ch\\\/?s={search_term_string}\"},\"query-input\":{\"@type\":\"PropertyValueSpecification\",\"valueRequired\":true,\"valueName\":\"search_term_string\"}}],\"inLanguage\":\"de\"},{\"@type\":\"Organization\",\"@id\":\"https:\\\/\\\/www.mpaschule.ch\\\/#organization\",\"name\":\"MPA Berufs- und Handelsschule Buchs\",\"url\":\"https:\\\/\\\/www.mpaschule.ch\\\/\",\"logo\":{\"@type\":\"ImageObject\",\"inLanguage\":\"de\",\"@id\":\"https:\\\/\\\/www.mpaschule.ch\\\/#\\\/schema\\\/logo\\\/image\\\/\",\"url\":\"https:\\\/\\\/www.mpaschule.ch\\\/wp-content\\\/uploads\\\/2025\\\/12\\\/Logo_gross_WeissHintergrund.png\",\"contentUrl\":\"https:\\\/\\\/www.mpaschule.ch\\\/wp-content\\\/uploads\\\/2025\\\/12\\\/Logo_gross_WeissHintergrund.png\",\"width\":1902,\"height\":2007,\"caption\":\"MPA Berufs- und Handelsschule Buchs\"},\"image\":{\"@id\":\"https:\\\/\\\/www.mpaschule.ch\\\/#\\\/schema\\\/logo\\\/image\\\/\"},\"sameAs\":[\"https:\\\/\\\/www.facebook.com\\\/people\\\/MPA-Berufs-und-Handelsschule\\\/61575351655872\\\/\",\"https:\\\/\\\/www.instagram.com\\\/mpaschule\\\/\",\"https:\\\/\\\/www.youtube.com\\\/@mpaschule-buchs\"]},{\"@type\":\"Person\",\"@id\":\"https:\\\/\\\/www.mpaschule.ch\\\/#\\\/schema\\\/person\\\/d4a5648d729212d02da1ef9efd92be12\",\"name\":\"Marianna Von K\u00e4nel\",\"image\":{\"@type\":\"ImageObject\",\"inLanguage\":\"de\",\"@id\":\"https:\\\/\\\/secure.gravatar.com\\\/avatar\\\/106bcc06bf950ea9642ed192ef4d2711d1f772ec46e5694d761fd1e38b7a02a9?s=96&d=mm&r=g\",\"url\":\"https:\\\/\\\/secure.gravatar.com\\\/avatar\\\/106bcc06bf950ea9642ed192ef4d2711d1f772ec46e5694d761fd1e38b7a02a9?s=96&d=mm&r=g\",\"contentUrl\":\"https:\\\/\\\/secure.gravatar.com\\\/avatar\\\/106bcc06bf950ea9642ed192ef4d2711d1f772ec46e5694d761fd1e38b7a02a9?s=96&d=mm&r=g\",\"caption\":\"Marianna Von K\u00e4nel\"},\"url\":\"https:\\\/\\\/www.mpaschule.ch\\\/index.php\\\/author\\\/mpaschule\\\/\"}]}<\/script>\r\n<!-- \/ Yoast SEO plugin. -->","yoast_head_json":{"title":"Generation Z - Notenrekord - Bewusstseinswandel - MPA Berufs- und Handelsschule Buchs","robots":{"index":"index","follow":"follow","max-snippet":"max-snippet:-1","max-image-preview":"max-image-preview:large","max-video-preview":"max-video-preview:-1"},"canonical":"https:\/\/www.mpaschule.ch\/index.php\/generation-z-otenrekord-bewusstseinswandel\/","og_locale":"de_DE","og_type":"article","og_title":"Generation Z - Notenrekord - Bewusstseinswandel - MPA Berufs- und Handelsschule Buchs","og_description":"Am 29.06.2019 feierten im Forum im Ried in Landquart 42 Diplomandinnen und Diplomanden der MPA Berufs- und Handelsschule Buchs den erfolgreichen Berufsabschluss weiterlesen","og_url":"https:\/\/www.mpaschule.ch\/index.php\/generation-z-otenrekord-bewusstseinswandel\/","og_site_name":"MPA Berufs- und Handelsschule Buchs","article_publisher":"https:\/\/www.facebook.com\/people\/MPA-Berufs-und-Handelsschule\/61575351655872\/","article_published_time":"2019-07-04T11:59:40+00:00","article_modified_time":"2019-07-05T14:21:02+00:00","og_image":[{"width":1500,"height":998,"url":"https:\/\/www.mpaschule.ch\/wp-content\/uploads\/2019\/07\/DSC_1198.jpg","type":"image\/jpeg"}],"author":"Marianna Von K\u00e4nel","twitter_card":"summary_large_image","twitter_misc":{"Verfasst von":"Marianna Von K\u00e4nel","Gesch\u00e4tzte Lesezeit":"2\u00a0Minuten"},"schema":{"@context":"https:\/\/schema.org","@graph":[{"@type":"Article","@id":"https:\/\/www.mpaschule.ch\/index.php\/generation-z-otenrekord-bewusstseinswandel\/#article","isPartOf":{"@id":"https:\/\/www.mpaschule.ch\/index.php\/generation-z-otenrekord-bewusstseinswandel\/"},"author":{"name":"Marianna Von K\u00e4nel","@id":"https:\/\/www.mpaschule.ch\/#\/schema\/person\/d4a5648d729212d02da1ef9efd92be12"},"headline":"Generation Z &#8211; Notenrekord &#8211; Bewusstseinswandel","datePublished":"2019-07-04T11:59:40+00:00","dateModified":"2019-07-05T14:21:02+00:00","mainEntityOfPage":{"@id":"https:\/\/www.mpaschule.ch\/index.php\/generation-z-otenrekord-bewusstseinswandel\/"},"wordCount":470,"commentCount":0,"publisher":{"@id":"https:\/\/www.mpaschule.ch\/#organization"},"image":{"@id":"https:\/\/www.mpaschule.ch\/index.php\/generation-z-otenrekord-bewusstseinswandel\/#primaryimage"},"thumbnailUrl":"https:\/\/www.mpaschule.ch\/wp-content\/uploads\/2019\/07\/DSC_1198.jpg","articleSection":["Aktuelles","Bildergalerie","Diplomfeier"],"inLanguage":"de","potentialAction":[{"@type":"CommentAction","name":"Comment","target":["https:\/\/www.mpaschule.ch\/index.php\/generation-z-otenrekord-bewusstseinswandel\/#respond"]}]},{"@type":"WebPage","@id":"https:\/\/www.mpaschule.ch\/index.php\/generation-z-otenrekord-bewusstseinswandel\/","url":"https:\/\/www.mpaschule.ch\/index.php\/generation-z-otenrekord-bewusstseinswandel\/","name":"Generation Z - Notenrekord - Bewusstseinswandel - MPA Berufs- und Handelsschule Buchs","isPartOf":{"@id":"https:\/\/www.mpaschule.ch\/#website"},"primaryImageOfPage":{"@id":"https:\/\/www.mpaschule.ch\/index.php\/generation-z-otenrekord-bewusstseinswandel\/#primaryimage"},"image":{"@id":"https:\/\/www.mpaschule.ch\/index.php\/generation-z-otenrekord-bewusstseinswandel\/#primaryimage"},"thumbnailUrl":"https:\/\/www.mpaschule.ch\/wp-content\/uploads\/2019\/07\/DSC_1198.jpg","datePublished":"2019-07-04T11:59:40+00:00","dateModified":"2019-07-05T14:21:02+00:00","breadcrumb":{"@id":"https:\/\/www.mpaschule.ch\/index.php\/generation-z-otenrekord-bewusstseinswandel\/#breadcrumb"},"inLanguage":"de","potentialAction":[{"@type":"ReadAction","target":["https:\/\/www.mpaschule.ch\/index.php\/generation-z-otenrekord-bewusstseinswandel\/"]}]},{"@type":"ImageObject","inLanguage":"de","@id":"https:\/\/www.mpaschule.ch\/index.php\/generation-z-otenrekord-bewusstseinswandel\/#primaryimage","url":"https:\/\/www.mpaschule.ch\/wp-content\/uploads\/2019\/07\/DSC_1198.jpg","contentUrl":"https:\/\/www.mpaschule.ch\/wp-content\/uploads\/2019\/07\/DSC_1198.jpg","width":1500,"height":998},{"@type":"BreadcrumbList","@id":"https:\/\/www.mpaschule.ch\/index.php\/generation-z-otenrekord-bewusstseinswandel\/#breadcrumb","itemListElement":[{"@type":"ListItem","position":1,"name":"Start","item":"https:\/\/www.mpaschule.ch\/"},{"@type":"ListItem","position":2,"name":"Generation Z &#8211; Notenrekord &#8211; Bewusstseinswandel"}]},{"@type":"WebSite","@id":"https:\/\/www.mpaschule.ch\/#website","url":"https:\/\/www.mpaschule.ch\/","name":"MPA Berufs- und Handelsschule Buchs","description":"MPA EFZ, KV EFZ, MPK klinische Richtung, MPK praxisleitende Richtung, Handelsdiplom VSH, B\u00fcrofachdiplom VSH, Medizinische Praxisassistentin\/Medizinischer Praxisassistent EFZ, Medizinische Sekret\u00e4rin H+\/Arztsekret\u00e4rin","publisher":{"@id":"https:\/\/www.mpaschule.ch\/#organization"},"potentialAction":[{"@type":"SearchAction","target":{"@type":"EntryPoint","urlTemplate":"https:\/\/www.mpaschule.ch\/?s={search_term_string}"},"query-input":{"@type":"PropertyValueSpecification","valueRequired":true,"valueName":"search_term_string"}}],"inLanguage":"de"},{"@type":"Organization","@id":"https:\/\/www.mpaschule.ch\/#organization","name":"MPA Berufs- und Handelsschule Buchs","url":"https:\/\/www.mpaschule.ch\/","logo":{"@type":"ImageObject","inLanguage":"de","@id":"https:\/\/www.mpaschule.ch\/#\/schema\/logo\/image\/","url":"https:\/\/www.mpaschule.ch\/wp-content\/uploads\/2025\/12\/Logo_gross_WeissHintergrund.png","contentUrl":"https:\/\/www.mpaschule.ch\/wp-content\/uploads\/2025\/12\/Logo_gross_WeissHintergrund.png","width":1902,"height":2007,"caption":"MPA Berufs- und Handelsschule Buchs"},"image":{"@id":"https:\/\/www.mpaschule.ch\/#\/schema\/logo\/image\/"},"sameAs":["https:\/\/www.facebook.com\/people\/MPA-Berufs-und-Handelsschule\/61575351655872\/","https:\/\/www.instagram.com\/mpaschule\/","https:\/\/www.youtube.com\/@mpaschule-buchs"]},{"@type":"Person","@id":"https:\/\/www.mpaschule.ch\/#\/schema\/person\/d4a5648d729212d02da1ef9efd92be12","name":"Marianna Von K\u00e4nel","image":{"@type":"ImageObject","inLanguage":"de","@id":"https:\/\/secure.gravatar.com\/avatar\/106bcc06bf950ea9642ed192ef4d2711d1f772ec46e5694d761fd1e38b7a02a9?s=96&d=mm&r=g","url":"https:\/\/secure.gravatar.com\/avatar\/106bcc06bf950ea9642ed192ef4d2711d1f772ec46e5694d761fd1e38b7a02a9?s=96&d=mm&r=g","contentUrl":"https:\/\/secure.gravatar.com\/avatar\/106bcc06bf950ea9642ed192ef4d2711d1f772ec46e5694d761fd1e38b7a02a9?s=96&d=mm&r=g","caption":"Marianna Von K\u00e4nel"},"url":"https:\/\/www.mpaschule.ch\/index.php\/author\/mpaschule\/"}]}},"_links":{"self":[{"href":"https:\/\/www.mpaschule.ch\/index.php\/wp-json\/wp\/v2\/posts\/5740","targetHints":{"allow":["GET"]}}],"collection":[{"href":"https:\/\/www.mpaschule.ch\/index.php\/wp-json\/wp\/v2\/posts"}],"about":[{"href":"https:\/\/www.mpaschule.ch\/index.php\/wp-json\/wp\/v2\/types\/post"}],"author":[{"embeddable":true,"href":"https:\/\/www.mpaschule.ch\/index.php\/wp-json\/wp\/v2\/users\/2"}],"replies":[{"embeddable":true,"href":"https:\/\/www.mpaschule.ch\/index.php\/wp-json\/wp\/v2\/comments?post=5740"}],"version-history":[{"count":6,"href":"https:\/\/www.mpaschule.ch\/index.php\/wp-json\/wp\/v2\/posts\/5740\/revisions"}],"predecessor-version":[{"id":5748,"href":"https:\/\/www.mpaschule.ch\/index.php\/wp-json\/wp\/v2\/posts\/5740\/revisions\/5748"}],"wp:featuredmedia":[{"embeddable":true,"href":"https:\/\/www.mpaschule.ch\/index.php\/wp-json\/wp\/v2\/media\/5625"}],"wp:attachment":[{"href":"https:\/\/www.mpaschule.ch\/index.php\/wp-json\/wp\/v2\/media?parent=5740"}],"wp:term":[{"taxonomy":"category","embeddable":true,"href":"https:\/\/www.mpaschule.ch\/index.php\/wp-json\/wp\/v2\/categories?post=5740"},{"taxonomy":"post_tag","embeddable":true,"href":"https:\/\/www.mpaschule.ch\/index.php\/wp-json\/wp\/v2\/tags?post=5740"}],"curies":[{"name":"wp","href":"https:\/\/api.w.org\/{rel}","templated":true}]}}